{
    "id": 6640,
    "date": "2024-05-21T12:59:46",
    "date_gmt": "2024-05-21T12:59:46",
    "guid": {
        "rendered": "http:\/\/ghm.test\/?p=6640"
    },
    "modified": "2025-01-23T13:00:18",
    "modified_gmt": "2025-01-23T13:00:18",
    "slug": "selaq24",
    "status": "publish",
    "type": "post",
    "link": "https:\/\/www.ghmintl.com\/fr\/2024\/05\/21\/selaq24\/",
    "title": {
        "rendered": "GHM-Eclatec participe au salon SELAQ"
    },
    "content": {
        "rendered": "<p>GHM-Eclatec&nbsp;est fier de participer cette semaine au salon SELAQ des \u00e9lus de la Nouvelle-Aquitaine \u00e0 Bordeaux !<br>Vous d\u00e9couvrirez comment nos solutions globales d&rsquo;\u00e9clairage public incarnent nos valeurs fondamentales :<br>&#8211; Sobri\u00e9t\u00e9 \u00e9nerg\u00e9tique : pour une gestion durable des ressources.<br>&#8211; S\u00e9curit\u00e9 des usagers : garantir des espaces publics s\u00fbrs pour tous.<br>&#8211; Valorisation du patrimoine : illuminer nos villes tout en respectant leur histoire.<br>&#8211; Respect de la biodiversit\u00e9 : minimiser l&rsquo;impact environnemental.<br>&#8211; \u00c9limination de la pollution lumineuse : pour des nuits plus \u00e9toil\u00e9es.<\/p>\n\n\n\n<p>Le mobilier urbain joue un r\u00f4le essentiel dans notre quotidien. Il s&rsquo;adapte aux nouvelles tendances soci\u00e9tales en mati\u00e8re de mobilit\u00e9s et de transport, et contribue \u00e0 l&rsquo;appropriation de l&rsquo;espace public pour le bien-\u00eatre de tous. Notre d\u00e9partement sp\u00e9cialis\u00e9&nbsp;AGORA Mobilier Urbain&nbsp;pr\u00e9sent sur notre stand groupe partagera son savoir-faire et ses convictions \u00e0 l&rsquo;aide de mobiliers innovants et r\u00e9solument modernes.<\/p>\n\n\n\n<p>Rejoignez-nous au&nbsp;SELAQ&nbsp;2024, Au palais de l&rsquo;Atlantique, ce mercredi 22 mai pour d\u00e9couvrir comment nous fa\u00e7onnons des environnements urbains plus durables et accueillants !<\/p>",
        "protected": false
    },
    "excerpt": {
        "rendered": "<p>GHM-Eclatec&nbsp;est fier de participer cette semaine au salon SELAQ des \u00e9lus de la Nouvelle-Aquitaine \u00e0 Bordeaux !Vous d\u00e9couvrirez comment nos solutions globales d&rsquo;\u00e9clairage public incarnent nos valeurs fondamentales :&#8211; Sobri\u00e9t\u00e9 \u00e9nerg\u00e9tique : pour une gestion durable des ressources.&#8211; S\u00e9curit\u00e9 des usagers : garantir des espaces publics s\u00fbrs pour tous.&#8211; Valorisation du patrimoine : illuminer nos [&hellip;]<\/p>",
        "protected": false
    },
    "author": 2,
    "featured_media": 6641,
    "comment_status": "open",
    "ping_status": "open",
    "sticky": false,
    "template": "",
    "format": "standard",
    "meta": {
        "inline_featured_image": false,
        "footnotes": ""
    },
    "categories": [
        40
    ],
    "tags": [],
    "class_list": [
        "post-6640",
        "post",
        "type-post",
        "status-publish",
        "format-standard",
        "has-post-thumbnail",
        "hentry",
        "category-evenement"
    ],
    "_links": {
        "self": [
            {
                "href": "https:\/\/www.ghmintl.com\/fr\/wp-json\/wp\/v2\/posts\/6640",
                "targetHints": {
                    "allow": [
                        "GET"
                    ]
                }
            }
        ],
        "collection": [
            {
                "href": "https:\/\/www.ghmintl.com\/fr\/wp-json\/wp\/v2\/posts"
            }
        ],
        "about": [
            {
                "href": "https:\/\/www.ghmintl.com\/fr\/wp-json\/wp\/v2\/types\/post"
            }
        ],
        "author": [
            {
                "embeddable": true,
                "href": "https:\/\/www.ghmintl.com\/fr\/wp-json\/wp\/v2\/users\/2"
            }
        ],
        "replies": [
            {
                "embeddable": true,
                "href": "https:\/\/www.ghmintl.com\/fr\/wp-json\/wp\/v2\/comments?post=6640"
            }
        ],
        "version-history": [
            {
                "count": 1,
                "href": "https:\/\/www.ghmintl.com\/fr\/wp-json\/wp\/v2\/posts\/6640\/revisions"
            }
        ],
        "predecessor-version": [
            {
                "id": 6642,
                "href": "https:\/\/www.ghmintl.com\/fr\/wp-json\/wp\/v2\/posts\/6640\/revisions\/6642"
            }
        ],
        "wp:featuredmedia": [
            {
                "embeddable": true,
                "href": "https:\/\/www.ghmintl.com\/fr\/wp-json\/wp\/v2\/media\/6641"
            }
        ],
        "wp:attachment": [
            {
                "href": "https:\/\/www.ghmintl.com\/fr\/wp-json\/wp\/v2\/media?parent=6640"
            }
        ],
        "wp:term": [
            {
                "taxonomy": "category",
                "embeddable": true,
                "href": "https:\/\/www.ghmintl.com\/fr\/wp-json\/wp\/v2\/categories?post=6640"
            },
            {
                "taxonomy": "post_tag",
                "embeddable": true,
                "href": "https:\/\/www.ghmintl.com\/fr\/wp-json\/wp\/v2\/tags?post=6640"
            }
        ],
        "curies": [
            {
                "name": "wp",
                "href": "https:\/\/api.w.org\/{rel}",
                "templated": true
            }
        ]
    }
}