{
    "id": 6779,
    "date": "2025-01-23T15:57:34",
    "date_gmt": "2025-01-23T15:57:34",
    "guid": {
        "rendered": "http:\/\/ghm.test\/?page_id=6779"
    },
    "modified": "2025-05-14T12:25:17",
    "modified_gmt": "2025-05-14T12:25:17",
    "slug": "marches",
    "status": "publish",
    "type": "page",
    "link": "https:\/\/www.ghmintl.com\/fr\/marches\/",
    "title": {
        "rendered": "Applications"
    },
    "content": {
        "rendered": "<div class=\"block hero-banner-black\">\n            <img decoding=\"async\" class=\"motif-right width-ghm-2\" src=\"https:\/\/www.ghmintl.com\/wp-content\/themes\/eclatec\/assets\/images\/motifs\/motif-black-hero.svg\" alt=\"motif black hero\">\n            <div class=\"description-hero\">\n                <div class=\"wrapper-inner-block wrapper-max-width\">\n                                            <div>\n                            <p><\/p>\n                        <\/div>\n                                                                <div data-aos=\"fade-up\" data-aos-easing=\"ease\">\n                            \n\n<h1 class=\"wp-block-heading\">Applications<\/h1>\n\n\n\n<p><\/p>\n\n                        <\/div>\n                                    <\/div><!-- \/.wrapper-inner-block -->\n            <\/div><!-- \/.description-hero -->\n            <a href=\"#start\" class=\"anchor\"><\/a>\n\t\t<\/div><!-- \/.block -->\n        <a id=\"start\"><\/a>\n\t\t\n\n\n\t\t<div class=\"block textimg bg-white\">\n            <div class=\"margin-auto ps-50 ps-lg-50 pe-50 pe-lg-50 wrapper-max-width-element-medium padding-element-top-xlarge padding-element-bottom-xlarge\">\n                <div class=\"wrapper-textimg  position-right has-image\">\n                    <div class=\"wrapper-inner-block w-100\">\n                                                    <div class=\"\">\n                                \n\n<h2 class=\"wp-block-heading\">Vous accompagner<\/h2>\n\n\n\n<p>\u00ab&nbsp;Une solution d&rsquo;\u00e9clairage et d&rsquo;am\u00e9nagement public r\u00e9fl\u00e9chie et responsable ne peut \u00eatre obtenue en s\u00e9lectionnant simplement des produits sur des attributs esth\u00e9tiques.<\/p>\n\n\n\n<p><\/p>\n\n\n\n<p>Nous reconnaissons que chaque projet est unique. Pour obtenir un environnement lumineux, ludique et confortable, il faut donc une approche sp\u00e9cifique.<br>Nous concevons, d\u00e9finissons et mettons en \u0153uvre des solutions qui r\u00e9pondent aux objectifs d&rsquo;\u00e9conomie d&rsquo;\u00e9nergie, de s\u00e9curit\u00e9, de confort et de conformit\u00e9 aux normes.<\/p>\n\n\n\n<p><\/p>\n\n\n\n<p>En partant de ce constat, nous avons fait le choix de d\u00e9terminer des domaines d\u2019application pour chacun de nos produits afin de garantir une coh\u00e9rence entre le besoin de chaque projet et nos solutions.&nbsp;\u00bb<\/p>\n\n                            <\/div>\n                        \n                                            <\/div><!-- \/.wrapper-inner-block -->\n                                            <div class=\"\" style=\"max-width: 600600px; max-height: fit-content; width: 100%;\">\n                            <video width=\"100%\" autoplay muted loop>\n                                <source src=\"\/wp-content\/uploads\/2025\/01\/video-domaine-application.mp4\" type=\"\">\n                                Your browser does not support the video tag.\n                            <\/video>\n                        <\/div><!-- \/.wrapper-video -->\n                                                        <\/div>\n\n                \n                            <\/div><!-- \/.wrapper-max-width -->\n\t\t<\/div><!-- \/.block -->\n\t\t\n\n\n\t\t<div class=\"block application-selected pt-50 pt-lg-100 pb-50 pb-lg-100\">\n            <div class=\"wrapper-applications wrapper-max-width\">\n                <div class=\"wrapper-text\">\n                                            <div class=\"block__content\">\n                            \n\n<h2 class=\"wp-block-heading\">Nos champs d&rsquo;action&#8230;<\/h2>\n\n                        <\/div><!-- \/.block__content -->\n                                    <\/div><!-- \/.wrapper-text -->\n                                    <div class=\"application-listing col-5 mt-30 mt-lg-60\">\n                                                                                                                    <a href=\"https:\/\/www.ghmintl.com\/fr\/applications\/le-mobilier-urbain\/\" class=\"text-decoration-none color-white\">\n                                    <div class=\"application-item bg-black\">\n                                                                                    <div class=\"overlay\"><\/div>\n                                            <div class=\"wrapper-img\">\n                                                <img loading=\"lazy\" decoding=\"async\" width=\"417\" height=\"262\" src=\"https:\/\/www.ghmintl.com\/wp-content\/uploads\/2025\/02\/vign-mobilier-urbain-2.jpg\" class=\"cover-image\" alt=\"\" srcset=\"https:\/\/www.ghmintl.com\/wp-content\/uploads\/2025\/02\/vign-mobilier-urbain-2.jpg 417w, https:\/\/www.ghmintl.com\/wp-content\/uploads\/2025\/02\/vign-mobilier-urbain-2-300x188.jpg 300w\" sizes=\"auto, (max-width: 417px) 100vw, 417px\" \/>                                            <\/div>\n                                                                                <div class=\"wrapper-text\">\n                                            <p class=\"title-t5 color-white fw-500\">Le mobilier urbain<\/p>\n                                        <\/div><!-- \/.wrapper-text -->\n                                    <\/div>\n                                <\/a>\n                                                                                            <a href=\"\/fr\/nos-produits\/transports-et-mobilites\/\" class=\"text-decoration-none color-white\">\n                                    <div class=\"application-item bg-black\">\n                                                                                    <div class=\"overlay\"><\/div>\n                                            <div class=\"wrapper-img\">\n                                                <img loading=\"lazy\" decoding=\"async\" width=\"417\" height=\"262\" src=\"https:\/\/www.ghmintl.com\/wp-content\/uploads\/2025\/02\/vign-app-tram.jpg\" class=\"cover-image\" alt=\"\" srcset=\"https:\/\/www.ghmintl.com\/wp-content\/uploads\/2025\/02\/vign-app-tram.jpg 417w, https:\/\/www.ghmintl.com\/wp-content\/uploads\/2025\/02\/vign-app-tram-300x188.jpg 300w\" sizes=\"auto, (max-width: 417px) 100vw, 417px\" \/>                                            <\/div>\n                                                                                <div class=\"wrapper-text\">\n                                            <p class=\"title-t5 color-white fw-500\">Transports et mobilit\u00e9s<\/p>\n                                        <\/div><!-- \/.wrapper-text -->\n                                    <\/div>\n                                <\/a>\n                                                                                            <a href=\"https:\/\/www.ghmintl.com\/fr\/applications\/projets-uniques\/\" class=\"text-decoration-none color-white\">\n                                    <div class=\"application-item bg-black\">\n                                                                                    <div class=\"overlay\"><\/div>\n                                            <div class=\"wrapper-img\">\n                                                <img loading=\"lazy\" decoding=\"async\" width=\"417\" height=\"262\" src=\"https:\/\/www.ghmintl.com\/wp-content\/uploads\/2025\/02\/vign-app-projet-spec.jpg\" class=\"cover-image\" alt=\"\" srcset=\"https:\/\/www.ghmintl.com\/wp-content\/uploads\/2025\/02\/vign-app-projet-spec.jpg 417w, https:\/\/www.ghmintl.com\/wp-content\/uploads\/2025\/02\/vign-app-projet-spec-300x188.jpg 300w\" sizes=\"auto, (max-width: 417px) 100vw, 417px\" \/>                                            <\/div>\n                                                                                <div class=\"wrapper-text\">\n                                            <p class=\"title-t5 color-white fw-500\">Projets uniques<\/p>\n                                        <\/div><!-- \/.wrapper-text -->\n                                    <\/div>\n                                <\/a>\n                                                                                            <a href=\"\/fr\/nos-produits\/statuaires\/\" class=\"text-decoration-none color-white\">\n                                    <div class=\"application-item bg-black\">\n                                                                                    <div class=\"overlay\"><\/div>\n                                            <div class=\"wrapper-img\">\n                                                <img loading=\"lazy\" decoding=\"async\" width=\"417\" height=\"262\" src=\"https:\/\/www.ghmintl.com\/wp-content\/uploads\/2025\/02\/photo-fonderie-dart.jpg\" class=\"cover-image\" alt=\"\" srcset=\"https:\/\/www.ghmintl.com\/wp-content\/uploads\/2025\/02\/photo-fonderie-dart.jpg 417w, https:\/\/www.ghmintl.com\/wp-content\/uploads\/2025\/02\/photo-fonderie-dart-300x188.jpg 300w\" sizes=\"auto, (max-width: 417px) 100vw, 417px\" \/>                                            <\/div>\n                                                                                <div class=\"wrapper-text\">\n                                            <p class=\"title-t5 color-white fw-500\">Le statuaire<\/p>\n                                        <\/div><!-- \/.wrapper-text -->\n                                    <\/div>\n                                <\/a>\n                                                                                            <a href=\"\/fr\/nos-produits\/leau-dans-la-ville\/\" class=\"text-decoration-none color-white\">\n                                    <div class=\"application-item bg-black\">\n                                                                                    <div class=\"overlay\"><\/div>\n                                            <div class=\"wrapper-img\">\n                                                <img loading=\"lazy\" decoding=\"async\" width=\"400\" height=\"257\" src=\"https:\/\/www.ghmintl.com\/wp-content\/uploads\/2025\/02\/vign-eau-de-ville.jpg\" class=\"cover-image\" alt=\"\" srcset=\"https:\/\/www.ghmintl.com\/wp-content\/uploads\/2025\/02\/vign-eau-de-ville.jpg 400w, https:\/\/www.ghmintl.com\/wp-content\/uploads\/2025\/02\/vign-eau-de-ville-300x193.jpg 300w\" sizes=\"auto, (max-width: 400px) 100vw, 400px\" \/>                                            <\/div>\n                                                                                <div class=\"wrapper-text\">\n                                            <p class=\"title-t5 color-white fw-500\">L&rsquo;eau dans la ville<\/p>\n                                        <\/div><!-- \/.wrapper-text -->\n                                    <\/div>\n                                <\/a>\n                                                                        <\/div><!-- \/.application-listing -->\n                            <\/div><!-- \/.wrapper-applications -->\n\t\t<\/div><!-- \/.block -->\n\t\t\n\n\n        \n\t\t<div class=\"block projects-selected padding-large-element pt-50 pt-lg-100 pb-50 pb-lg-100\">\n            <div class=\"wrapper-projects wrapper-max-width\">\n                <div class=\"wrapper-text\">\n                                            <div class=\"block__content\">\n                            \n\n<h2 class=\"wp-block-heading\">&#8230;Et des r\u00e9f\u00e9rences<\/h2>\n\n                        <\/div><!-- \/.block__content -->\n                                    <\/div><!-- \/.wrapper-text -->\n                                    <div class=\"projects-listing mt-30 mt-lg-60\">\n                                                                                                                                                    <a href=\"https:\/\/www.ghmintl.com\/fr\/projects\/fontaine-flore-verdun\/\" class=\"text-decoration-none color-white js-open-modal-realisation\" data-target=\"#modal-project-727\">\n                                    <div class=\"association-item bg-black\">\n                                                                                    <div class=\"wrapper-img\">\n                                                <img loading=\"lazy\" decoding=\"async\" width=\"1600\" height=\"1066\" src=\"https:\/\/www.ghmintl.com\/wp-content\/uploads\/2025\/02\/photo-flore-verdun3.jpg\" class=\"contain-image top-left skip-lazy\" alt=\"\" srcset=\"https:\/\/www.ghmintl.com\/wp-content\/uploads\/2025\/02\/photo-flore-verdun3.jpg 1600w, https:\/\/www.ghmintl.com\/wp-content\/uploads\/2025\/02\/photo-flore-verdun3-300x200.jpg 300w, https:\/\/www.ghmintl.com\/wp-content\/uploads\/2025\/02\/photo-flore-verdun3-768x512.jpg 768w, https:\/\/www.ghmintl.com\/wp-content\/uploads\/2025\/02\/photo-flore-verdun3-1536x1023.jpg 1536w\" sizes=\"auto, (max-width: 1600px) 100vw, 1600px\" \/>                                            <\/div>\n                                                                                <div class=\"wrapper-desc\">\n                                            <p class=\"color-white mt-5 position-relative title-t6\">Fontaine\u00a0Flore &#8211; Verdun<\/p>\n                                                                                            <p class=\"color-white mt-5 position-relative text-paragraph\">\n                                                                                                            Meuse &#8211; \n                                                     \n                                                                                                            Verdun                                                                                                    <\/p>\n                                                                                                                                        <p class=\"color-white mt-5 position-relative text-small\">\n                                                    L&rsquo;eau dans la ville                                                <\/p>\n                                                                                    <\/div>\n                                    <\/div>\n                                <\/a>\n                                                                                                                            <a href=\"https:\/\/www.ghmintl.com\/fr\/projects\/fontaine-montier-en-der-1\/\" class=\"text-decoration-none color-white js-open-modal-realisation\" data-target=\"#modal-project-727\">\n                                    <div class=\"association-item bg-black\">\n                                                                                    <div class=\"wrapper-img\">\n                                                <img loading=\"lazy\" decoding=\"async\" width=\"1400\" height=\"933\" src=\"https:\/\/www.ghmintl.com\/wp-content\/uploads\/2025\/02\/fontaine-med-chine-dalian.jpg\" class=\"contain-image top-left skip-lazy\" alt=\"\" srcset=\"https:\/\/www.ghmintl.com\/wp-content\/uploads\/2025\/02\/fontaine-med-chine-dalian.jpg 1400w, https:\/\/www.ghmintl.com\/wp-content\/uploads\/2025\/02\/fontaine-med-chine-dalian-300x200.jpg 300w, https:\/\/www.ghmintl.com\/wp-content\/uploads\/2025\/02\/fontaine-med-chine-dalian-768x512.jpg 768w\" sizes=\"auto, (max-width: 1400px) 100vw, 1400px\" \/>                                            <\/div>\n                                                                                <div class=\"wrapper-desc\">\n                                            <p class=\"color-white mt-5 position-relative title-t6\">Fontaine Montier-en-Der 1<\/p>\n                                                                                            <p class=\"color-white mt-5 position-relative text-paragraph\">\n                                                                                                            Chine &#8211; \n                                                     \n                                                                                                            Dalian                                                                                                    <\/p>\n                                                                                                                                        <p class=\"color-white mt-5 position-relative text-small\">\n                                                    L&rsquo;eau dans la ville                                                <\/p>\n                                                                                    <\/div>\n                                    <\/div>\n                                <\/a>\n                                                                                                                            <a href=\"https:\/\/www.ghmintl.com\/fr\/projects\/fontaine-monumentale\/\" class=\"text-decoration-none color-white js-open-modal-realisation\" data-target=\"#modal-project-727\">\n                                    <div class=\"association-item bg-black\">\n                                                                                    <div class=\"wrapper-img\">\n                                                <img loading=\"lazy\" decoding=\"async\" width=\"1600\" height=\"1066\" src=\"https:\/\/www.ghmintl.com\/wp-content\/uploads\/2025\/02\/photo-font-monu-suisse.jpg\" class=\"contain-image top-left skip-lazy\" alt=\"\" srcset=\"https:\/\/www.ghmintl.com\/wp-content\/uploads\/2025\/02\/photo-font-monu-suisse.jpg 1600w, https:\/\/www.ghmintl.com\/wp-content\/uploads\/2025\/02\/photo-font-monu-suisse-300x200.jpg 300w, https:\/\/www.ghmintl.com\/wp-content\/uploads\/2025\/02\/photo-font-monu-suisse-768x512.jpg 768w, https:\/\/www.ghmintl.com\/wp-content\/uploads\/2025\/02\/photo-font-monu-suisse-1536x1023.jpg 1536w\" sizes=\"auto, (max-width: 1600px) 100vw, 1600px\" \/>                                            <\/div>\n                                                                                <div class=\"wrapper-desc\">\n                                            <p class=\"color-white mt-5 position-relative title-t6\">Fontaine Monumentale<\/p>\n                                                                                            <p class=\"color-white mt-5 position-relative text-paragraph\">\n                                                                                                            Suisse &#8211; \n                                                     \n                                                                                                            Gen\u00e8ve                                                                                                    <\/p>\n                                                                                                                                        <p class=\"color-white mt-5 position-relative text-small\">\n                                                    L&rsquo;eau dans la ville                                                <\/p>\n                                                                                    <\/div>\n                                    <\/div>\n                                <\/a>\n                                                                                                                            <a href=\"https:\/\/www.ghmintl.com\/fr\/projects\/fontaine-oclaire\/\" class=\"text-decoration-none color-white js-open-modal-realisation\" data-target=\"#modal-project-727\">\n                                    <div class=\"association-item bg-black\">\n                                                                                    <div class=\"wrapper-img\">\n                                                <img loading=\"lazy\" decoding=\"async\" width=\"1600\" height=\"1066\" src=\"https:\/\/www.ghmintl.com\/wp-content\/uploads\/2025\/02\/photo-font-oclaire.jpg\" class=\"contain-image top-left skip-lazy\" alt=\"\" srcset=\"https:\/\/www.ghmintl.com\/wp-content\/uploads\/2025\/02\/photo-font-oclaire.jpg 1600w, https:\/\/www.ghmintl.com\/wp-content\/uploads\/2025\/02\/photo-font-oclaire-300x200.jpg 300w, https:\/\/www.ghmintl.com\/wp-content\/uploads\/2025\/02\/photo-font-oclaire-768x512.jpg 768w, https:\/\/www.ghmintl.com\/wp-content\/uploads\/2025\/02\/photo-font-oclaire-1536x1023.jpg 1536w\" sizes=\"auto, (max-width: 1600px) 100vw, 1600px\" \/>                                            <\/div>\n                                                                                <div class=\"wrapper-desc\">\n                                            <p class=\"color-white mt-5 position-relative title-t6\">Fontaine\u00a0O&rsquo;Claire<\/p>\n                                                                                            <p class=\"color-white mt-5 position-relative text-paragraph\">\n                                                                                                            Luxembourg &#8211; \n                                                     \n                                                                                                            Luxembourg                                                                                                    <\/p>\n                                                                                                                                        <p class=\"color-white mt-5 position-relative text-small\">\n                                                    L&rsquo;eau dans la ville                                                <\/p>\n                                                                                    <\/div>\n                                    <\/div>\n                                <\/a>\n                                                                                                                            <a href=\"https:\/\/www.ghmintl.com\/fr\/projects\/fontaine-clepsydre\/\" class=\"text-decoration-none color-white js-open-modal-realisation\" data-target=\"#modal-project-727\">\n                                    <div class=\"association-item bg-black\">\n                                                                                    <div class=\"wrapper-img\">\n                                                <img loading=\"lazy\" decoding=\"async\" width=\"1600\" height=\"1066\" src=\"https:\/\/www.ghmintl.com\/wp-content\/uploads\/2025\/02\/photo-font-clepsydre.jpg\" class=\"contain-image top-left skip-lazy\" alt=\"\" srcset=\"https:\/\/www.ghmintl.com\/wp-content\/uploads\/2025\/02\/photo-font-clepsydre.jpg 1600w, https:\/\/www.ghmintl.com\/wp-content\/uploads\/2025\/02\/photo-font-clepsydre-300x200.jpg 300w, https:\/\/www.ghmintl.com\/wp-content\/uploads\/2025\/02\/photo-font-clepsydre-768x512.jpg 768w, https:\/\/www.ghmintl.com\/wp-content\/uploads\/2025\/02\/photo-font-clepsydre-1536x1023.jpg 1536w\" sizes=\"auto, (max-width: 1600px) 100vw, 1600px\" \/>                                            <\/div>\n                                                                                <div class=\"wrapper-desc\">\n                                            <p class=\"color-white mt-5 position-relative title-t6\">Fontaine Clepsydre<\/p>\n                                                                                            <p class=\"color-white mt-5 position-relative text-paragraph\">\n                                                                                                            Ile de france &#8211; \n                                                     \n                                                                                                            Marseille, Cours Belsunce                                                                                                    <\/p>\n                                                                                                                                        <p class=\"color-white mt-5 position-relative text-small\">\n                                                    L&rsquo;eau dans la ville                                                <\/p>\n                                                                                    <\/div>\n                                    <\/div>\n                                <\/a>\n                                                                                                                            <a href=\"https:\/\/www.ghmintl.com\/fr\/projects\/fontaine-wallace-paris\/\" class=\"text-decoration-none color-white js-open-modal-realisation\" data-target=\"#modal-project-727\">\n                                    <div class=\"association-item bg-black\">\n                                                                                    <div class=\"wrapper-img\">\n                                                <img loading=\"lazy\" decoding=\"async\" width=\"906\" height=\"1362\" src=\"https:\/\/www.ghmintl.com\/wp-content\/uploads\/2025\/02\/font-wallace-paris.jpg\" class=\"contain-image top-left skip-lazy\" alt=\"\" srcset=\"https:\/\/www.ghmintl.com\/wp-content\/uploads\/2025\/02\/font-wallace-paris.jpg 906w, https:\/\/www.ghmintl.com\/wp-content\/uploads\/2025\/02\/font-wallace-paris-200x300.jpg 200w, https:\/\/www.ghmintl.com\/wp-content\/uploads\/2025\/02\/font-wallace-paris-768x1155.jpg 768w\" sizes=\"auto, (max-width: 906px) 100vw, 906px\" \/>                                            <\/div>\n                                                                                <div class=\"wrapper-desc\">\n                                            <p class=\"color-white mt-5 position-relative title-t6\">Fontaine Wallace &#8211; Paris<\/p>\n                                                                                            <p class=\"color-white mt-5 position-relative text-paragraph\">\n                                                                                                            Ile de france &#8211; \n                                                     \n                                                                                                            Paris                                                                                                    <\/p>\n                                                                                                                                        <p class=\"color-white mt-5 position-relative text-small\">\n                                                    Projets uniques                                                <\/p>\n                                                                                    <\/div>\n                                    <\/div>\n                                <\/a>\n                                                                                                                            <a href=\"https:\/\/www.ghmintl.com\/fr\/projects\/tram-luxembourg\/\" class=\"text-decoration-none color-white js-open-modal-realisation\" data-target=\"#modal-project-727\">\n                                    <div class=\"association-item bg-black\">\n                                                                                    <div class=\"wrapper-img\">\n                                                <img loading=\"lazy\" decoding=\"async\" width=\"1600\" height=\"1066\" src=\"https:\/\/www.ghmintl.com\/wp-content\/uploads\/2025\/02\/photo-tram-luxembourg.jpg\" class=\"contain-image top-left skip-lazy\" alt=\"\" srcset=\"https:\/\/www.ghmintl.com\/wp-content\/uploads\/2025\/02\/photo-tram-luxembourg.jpg 1600w, https:\/\/www.ghmintl.com\/wp-content\/uploads\/2025\/02\/photo-tram-luxembourg-300x200.jpg 300w, https:\/\/www.ghmintl.com\/wp-content\/uploads\/2025\/02\/photo-tram-luxembourg-768x512.jpg 768w, https:\/\/www.ghmintl.com\/wp-content\/uploads\/2025\/02\/photo-tram-luxembourg-1536x1023.jpg 1536w\" sizes=\"auto, (max-width: 1600px) 100vw, 1600px\" \/>                                            <\/div>\n                                                                                <div class=\"wrapper-desc\">\n                                            <p class=\"color-white mt-5 position-relative title-t6\">Tram Luxembourg<\/p>\n                                                                                            <p class=\"color-white mt-5 position-relative text-paragraph\">\n                                                                                                            Luxembourg &#8211; \n                                                     \n                                                                                                            Luxembourg                                                                                                    <\/p>\n                                                                                                                                        <p class=\"color-white mt-5 position-relative text-small\">\n                                                    Transports et mobilit\u00e9s                                                <\/p>\n                                                                                    <\/div>\n                                    <\/div>\n                                <\/a>\n                                                                                                                            <a href=\"https:\/\/www.ghmintl.com\/fr\/projects\/entree-metropolitain-paris\/\" class=\"text-decoration-none color-white js-open-modal-realisation\" data-target=\"#modal-project-727\">\n                                    <div class=\"association-item bg-black\">\n                                                                                    <div class=\"wrapper-img\">\n                                                <img loading=\"lazy\" decoding=\"async\" width=\"1400\" height=\"933\" src=\"https:\/\/www.ghmintl.com\/wp-content\/uploads\/2025\/02\/metropolitain-1.jpg\" class=\"contain-image top-left skip-lazy\" alt=\"\" srcset=\"https:\/\/www.ghmintl.com\/wp-content\/uploads\/2025\/02\/metropolitain-1.jpg 1400w, https:\/\/www.ghmintl.com\/wp-content\/uploads\/2025\/02\/metropolitain-1-300x200.jpg 300w, https:\/\/www.ghmintl.com\/wp-content\/uploads\/2025\/02\/metropolitain-1-768x512.jpg 768w\" sizes=\"auto, (max-width: 1400px) 100vw, 1400px\" \/>                                            <\/div>\n                                                                                <div class=\"wrapper-desc\">\n                                            <p class=\"color-white mt-5 position-relative title-t6\">Entr\u00e9e M\u00e9tropolitain &#8211; Paris<\/p>\n                                                                                            <p class=\"color-white mt-5 position-relative text-paragraph\">\n                                                                                                            Ile de france &#8211; \n                                                     \n                                                                                                            Paris                                                                                                    <\/p>\n                                                                                                                                        <p class=\"color-white mt-5 position-relative text-small\">\n                                                    Projets uniques                                                <\/p>\n                                                                                    <\/div>\n                                    <\/div>\n                                <\/a>\n                                                                                                                            <a href=\"https:\/\/www.ghmintl.com\/fr\/projects\/marc-aurel-entree-de-metro-parisien\/\" class=\"text-decoration-none color-white js-open-modal-realisation\" data-target=\"#modal-project-727\">\n                                    <div class=\"association-item bg-black\">\n                                                                                    <div class=\"wrapper-img\">\n                                                <img loading=\"lazy\" decoding=\"async\" width=\"1600\" height=\"1066\" src=\"https:\/\/www.ghmintl.com\/wp-content\/uploads\/2025\/02\/metro-aurel.jpg\" class=\"contain-image top-left skip-lazy\" alt=\"\" srcset=\"https:\/\/www.ghmintl.com\/wp-content\/uploads\/2025\/02\/metro-aurel.jpg 1600w, https:\/\/www.ghmintl.com\/wp-content\/uploads\/2025\/02\/metro-aurel-300x200.jpg 300w, https:\/\/www.ghmintl.com\/wp-content\/uploads\/2025\/02\/metro-aurel-768x512.jpg 768w, https:\/\/www.ghmintl.com\/wp-content\/uploads\/2025\/02\/metro-aurel-1536x1023.jpg 1536w\" sizes=\"auto, (max-width: 1600px) 100vw, 1600px\" \/>                                            <\/div>\n                                                                                <div class=\"wrapper-desc\">\n                                            <p class=\"color-white mt-5 position-relative title-t6\">Marc Aurel &#8211; Entr\u00e9e de m\u00e9tro parisien<\/p>\n                                                                                            <p class=\"color-white mt-5 position-relative text-paragraph\">\n                                                                                                            Seine &#8211; \n                                                     \n                                                                                                            Paris                                                                                                    <\/p>\n                                                                                                                                        <p class=\"color-white mt-5 position-relative text-small\">\n                                                    Projets uniques                                                <\/p>\n                                                                                    <\/div>\n                                    <\/div>\n                                <\/a>\n                                                                                                                            <a href=\"https:\/\/www.ghmintl.com\/fr\/projects\/ceano-alizea\/\" class=\"text-decoration-none color-white js-open-modal-realisation\" data-target=\"#modal-project-727\">\n                                    <div class=\"association-item bg-black\">\n                                                                                    <div class=\"wrapper-img\">\n                                                <img loading=\"lazy\" decoding=\"async\" width=\"1400\" height=\"933\" src=\"https:\/\/www.ghmintl.com\/wp-content\/uploads\/2025\/02\/photo-chaise-ceano.jpg\" class=\"contain-image top-left skip-lazy\" alt=\"\" srcset=\"https:\/\/www.ghmintl.com\/wp-content\/uploads\/2025\/02\/photo-chaise-ceano.jpg 1400w, https:\/\/www.ghmintl.com\/wp-content\/uploads\/2025\/02\/photo-chaise-ceano-300x200.jpg 300w, https:\/\/www.ghmintl.com\/wp-content\/uploads\/2025\/02\/photo-chaise-ceano-768x512.jpg 768w\" sizes=\"auto, (max-width: 1400px) 100vw, 1400px\" \/>                                            <\/div>\n                                                                                <div class=\"wrapper-desc\">\n                                            <p class=\"color-white mt-5 position-relative title-t6\">Ceano &#038;\u00a0Alizea<\/p>\n                                                                                            <p class=\"color-white mt-5 position-relative text-paragraph\">\n                                                     \n                                                                                                            Alsace                                                                                                    <\/p>\n                                                                                                                                        <p class=\"color-white mt-5 position-relative text-small\">\n                                                    Mobilier urbain                                                <\/p>\n                                                                                    <\/div>\n                                    <\/div>\n                                <\/a>\n                                                                                                                            <a href=\"https:\/\/www.ghmintl.com\/fr\/projects\/catalina-la-palme\/\" class=\"text-decoration-none color-white js-open-modal-realisation\" data-target=\"#modal-project-727\">\n                                    <div class=\"association-item bg-black\">\n                                                                                    <div class=\"wrapper-img\">\n                                                <img loading=\"lazy\" decoding=\"async\" width=\"1400\" height=\"933\" src=\"https:\/\/www.ghmintl.com\/wp-content\/uploads\/2025\/02\/catalina.jpg\" class=\"contain-image top-left skip-lazy\" alt=\"\" srcset=\"https:\/\/www.ghmintl.com\/wp-content\/uploads\/2025\/02\/catalina.jpg 1400w, https:\/\/www.ghmintl.com\/wp-content\/uploads\/2025\/02\/catalina-300x200.jpg 300w, https:\/\/www.ghmintl.com\/wp-content\/uploads\/2025\/02\/catalina-768x512.jpg 768w\" sizes=\"auto, (max-width: 1400px) 100vw, 1400px\" \/>                                            <\/div>\n                                                                                <div class=\"wrapper-desc\">\n                                            <p class=\"color-white mt-5 position-relative title-t6\">Catalina &#8211; La Palme<\/p>\n                                                                                            <p class=\"color-white mt-5 position-relative text-paragraph\">\n                                                                                                            Aude &#8211; \n                                                     \n                                                                                                            La Palme                                                                                                    <\/p>\n                                                                                                                                        <p class=\"color-white mt-5 position-relative text-small\">\n                                                    Projets uniques                                                <\/p>\n                                                                                    <\/div>\n                                    <\/div>\n                                <\/a>\n                                                                        <\/div><!-- \/.application-listing -->\n                            <\/div><!-- \/.wrapper-applications -->\n\t\t<\/div><!-- \/.block -->\n        <div class=\"wrapper-loading\">\n            <img decoding=\"async\" class=\"loading\" src=\"https:\/\/www.ghmintl.com\/wp-content\/themes\/eclatec\/assets\/images\/loading.gif\" alt=\"loader\">\n        <\/div>\n        <div class=\"modal-project project-details\" id=\"modal-project-727\">\n            <div class=\"overlay js-close-modal-project\"><\/div>\n            <div class=\"container-details position-relative zindex-2\">\n                <span class=\"close-modal-project js-close-modal-project\">\n                    <svg xmlns=\"http:\/\/www.w3.org\/2000\/svg\" viewbox=\"0 0 384 512\">\n                        <path d=\"M342.6 150.6c12.5-12.5 12.5-32.8 0-45.3s-32.8-12.5-45.3 0L192 210.7 86.6 105.4c-12.5-12.5-32.8-12.5-45.3 0s-12.5 32.8 0 45.3L146.7 256 41.4 361.4c-12.5 12.5-12.5 32.8 0 45.3s32.8 12.5 45.3 0L192 301.3 297.4 406.6c12.5 12.5 32.8 12.5 45.3 0s12.5-32.8 0-45.3L237.3 256 342.6 150.6z\"\/>\n                    <\/svg>\n                <\/span>\n                <div class=\"wrapper-details\">\n                <\/div>\n            <\/div>\n        <\/div>",
        "protected": false
    },
    "excerpt": {
        "rendered": "",
        "protected": false
    },
    "author": 2,
    "featured_media": 0,
    "parent": 0,
    "menu_order": 0,
    "comment_status": "closed",
    "ping_status": "closed",
    "template": "",
    "meta": {
        "inline_featured_image": false,
        "footnotes": ""
    },
    "class_list": [
        "post-6779",
        "page",
        "type-page",
        "status-publish",
        "hentry"
    ],
    "_links": {
        "self": [
            {
                "href": "https:\/\/www.ghmintl.com\/fr\/wp-json\/wp\/v2\/pages\/6779",
                "targetHints": {
                    "allow": [
                        "GET"
                    ]
                }
            }
        ],
        "collection": [
            {
                "href": "https:\/\/www.ghmintl.com\/fr\/wp-json\/wp\/v2\/pages"
            }
        ],
        "about": [
            {
                "href": "https:\/\/www.ghmintl.com\/fr\/wp-json\/wp\/v2\/types\/page"
            }
        ],
        "author": [
            {
                "embeddable": true,
                "href": "https:\/\/www.ghmintl.com\/fr\/wp-json\/wp\/v2\/users\/2"
            }
        ],
        "replies": [
            {
                "embeddable": true,
                "href": "https:\/\/www.ghmintl.com\/fr\/wp-json\/wp\/v2\/comments?post=6779"
            }
        ],
        "version-history": [
            {
                "count": 6,
                "href": "https:\/\/www.ghmintl.com\/fr\/wp-json\/wp\/v2\/pages\/6779\/revisions"
            }
        ],
        "predecessor-version": [
            {
                "id": 11607,
                "href": "https:\/\/www.ghmintl.com\/fr\/wp-json\/wp\/v2\/pages\/6779\/revisions\/11607"
            }
        ],
        "wp:attachment": [
            {
                "href": "https:\/\/www.ghmintl.com\/fr\/wp-json\/wp\/v2\/media?parent=6779"
            }
        ],
        "curies": [
            {
                "name": "wp",
                "href": "https:\/\/api.w.org\/{rel}",
                "templated": true
            }
        ]
    }
}