{
    "id": 6486,
    "date": "2025-01-22T13:47:59",
    "date_gmt": "2025-01-22T13:47:59",
    "guid": {
        "rendered": "http:\/\/ghm.test\/?page_id=6486"
    },
    "modified": "2026-02-20T08:36:05",
    "modified_gmt": "2026-02-20T08:36:05",
    "slug": "certifications-et-label",
    "status": "publish",
    "type": "page",
    "link": "https:\/\/www.ghmintl.com\/fr\/l-entreprise\/certifications-et-label\/",
    "title": {
        "rendered": "Certifications et label"
    },
    "content": {
        "rendered": "<div class=\"block hero-banner-black\">\n            <img decoding=\"async\" class=\"motif-right width-ghm-2\" src=\"https:\/\/www.ghmintl.com\/wp-content\/themes\/eclatec\/assets\/images\/motifs\/motif-black-hero.svg\" alt=\"motif black hero\">\n            <div class=\"description-hero\">\n                <div class=\"wrapper-inner-block wrapper-max-width\">\n                                            <div>\n                            <p><\/p>\n                        <\/div>\n                                                                <div data-aos=\"fade-up\" data-aos-easing=\"ease\">\n                            \n\n<h1 class=\"wp-block-heading\">Certifications et label<\/h1>\n\n\n\n<p><\/p>\n\n                        <\/div>\n                                    <\/div><!-- \/.wrapper-inner-block -->\n            <\/div><!-- \/.description-hero -->\n            <a href=\"#start\" class=\"anchor\"><\/a>\n\t\t<\/div><!-- \/.block -->\n        <a id=\"start\"><\/a>\n\t\t\n\n\n\t\t<div class=\"block documents-list\">\n                            <div class=\"bg-\">\n                    <div class=\"wrapper-max-width padding-large-element\">\n                        <div class=\"container-documents\">\n                                                            <h2 class=\"title-t2 fw-700 d-inline-block position-relative with-corner corner-blue\">\n                                    Certifications                                <\/h2>\n                                                                                        <div class=\"wrapper-documents mt-30 mt-lg-50\">\n                                                                                                                    <a class=\"document text-decoration-none\" href=\"https:\/\/www.ghmintl.com\/wp-content\/uploads\/2026\/02\/CERTIFICAT-ISO-9001-EN-decembre-2024.pdf\" target=\"_blank\">\n                                            <div class=\"wrapper-image\">\n                                                <img loading=\"lazy\" decoding=\"async\" width=\"283\" height=\"400\" src=\"https:\/\/www.ghmintl.com\/wp-content\/uploads\/2026\/02\/CERTIFICAT-ISO-9001-EN-decembre-2024-pdf.jpg\" class=\"thumbnail\" alt=\"GHM est certifi\u00e9 depuis Avril 2001. Actuellement ISO 9001 version 2015 par l\u2019organisme SGS. Activit\u00e9s certifi\u00e9es : Conception, fabrication et vente de fonte sur mod\u00e8les, de mobiliers urbain et architectural, de support d\u2019\u00e9clairage et m\u00e2ts sp\u00e9cifiques.\" \/>                                            <\/div>\n                                        \n                                            <div class=\"wrapper-info\">\n                                                <p class=\"title-t6 color-blue fw-600\">\n                                                    Certification ISO 9001                                                <\/p>\n                                                <p class=\"color-black mt-15 mt-lg-15\">GHM est certifi\u00e9 depuis Avril 2001. Actuellement ISO 9001 version 2015 par l\u2019organisme SGS. Activit\u00e9s certifi\u00e9es : Conception, fabrication et vente de fonte sur mod\u00e8les, de mobiliers urbain et architectural, de support d\u2019\u00e9clairage et m\u00e2ts sp\u00e9cifiques.<\/p>\n                                                <span class=\"link color-blue d-flex mt-20 mt-lg-20\">\n                                                                                                            <img decoding=\"async\" class=\"download\" src=\"\/wp-content\/themes\/eclatec\/assets\/images\/icons\/cloud-arrow-down-solid.svg\" alt=\"icone download\">\n                                                                                                        Te\u0301le\u0301charger le document                                                <\/span>\n                                            <\/div>\n                                        <\/a>\n                                                                                                                    <a class=\"document text-decoration-none\" href=\"https:\/\/www.ghmintl.com\/wp-content\/uploads\/2026\/02\/CERTIFICAT-ISO-14001-EN-decembre-2024.pdf\" target=\"_blank\">\n                                            <div class=\"wrapper-image\">\n                                                <img loading=\"lazy\" decoding=\"async\" width=\"283\" height=\"400\" src=\"https:\/\/www.ghmintl.com\/wp-content\/uploads\/2026\/02\/CERTIFICAT-ISO-14001-EN-decembre-2024-pdf.jpg\" class=\"thumbnail\" alt=\"GHM est certifi\u00e9 depuis Janvier 2024. Actuellement ISO 14001 version 2015 par l\u2019organisme SGS.  Activit\u00e9s certifi\u00e9es : Conception, fabrication et vente de fonte sur mod\u00e8les, de mobiliers urbain et architectural, de support d\u2019\u00e9clairage standards ou sp\u00e9cifiques et de poteaux t\u00e9l\u00e9com.\" \/>                                            <\/div>\n                                        \n                                            <div class=\"wrapper-info\">\n                                                <p class=\"title-t6 color-blue fw-600\">\n                                                    Certification ISO 14001                                                <\/p>\n                                                <p class=\"color-black mt-15 mt-lg-15\">GHM est certifi\u00e9 depuis Janvier 2024. Actuellement ISO 14001 version 2015 par l\u2019organisme SGS.  Activit\u00e9s certifi\u00e9es : Conception, fabrication et vente de fonte sur mod\u00e8les, de mobiliers urbain et architectural, de support d\u2019\u00e9clairage standards ou sp\u00e9cifiques et de poteaux t\u00e9l\u00e9com.<\/p>\n                                                <span class=\"link color-blue d-flex mt-20 mt-lg-20\">\n                                                                                                            <img decoding=\"async\" class=\"download\" src=\"\/wp-content\/themes\/eclatec\/assets\/images\/icons\/cloud-arrow-down-solid.svg\" alt=\"icone download\">\n                                                                                                        Te\u0301le\u0301charger le document                                                <\/span>\n                                            <\/div>\n                                        <\/a>\n                                                                                                                    <a class=\"document text-decoration-none\" href=\"https:\/\/www.ghmintl.com\/wp-content\/uploads\/2026\/02\/CERTIFICAT-ISO-50001-EN-GHM-janvier-2026.pdf\" target=\"_blank\">\n                                            <div class=\"wrapper-image\">\n                                                <img loading=\"lazy\" decoding=\"async\" width=\"283\" height=\"400\" src=\"https:\/\/www.ghmintl.com\/wp-content\/uploads\/2026\/02\/CERTIFICAT-ISO-50001-EN-GHM-janvier-2026-pdf.jpg\" class=\"thumbnail\" alt=\"Conception, fabrication et vente de fonte sur mod\u00e8les, de mobiliers urbain et architectural, de supports d&#039;\u00e9clairage standards ou sp\u00e9cifiques et de poteaux t\u00e9l\u00e9com.\" \/>                                            <\/div>\n                                        \n                                            <div class=\"wrapper-info\">\n                                                <p class=\"title-t6 color-blue fw-600\">\n                                                    Certification ISO 50001                                                <\/p>\n                                                <p class=\"color-black mt-15 mt-lg-15\">Conception, fabrication et vente de fonte sur mod\u00e8les, de mobiliers urbain et architectural, de supports d&rsquo;\u00e9clairage standards ou sp\u00e9cifiques et de poteaux t\u00e9l\u00e9com.<\/p>\n                                                <span class=\"link color-blue d-flex mt-20 mt-lg-20\">\n                                                                                                            <img decoding=\"async\" class=\"download\" src=\"\/wp-content\/themes\/eclatec\/assets\/images\/icons\/cloud-arrow-down-solid.svg\" alt=\"icone download\">\n                                                                                                        Te\u0301le\u0301charger le document                                                <\/span>\n                                            <\/div>\n                                        <\/a>\n                                                                                                                    <a class=\"document text-decoration-none\" href=\"https:\/\/www.ghmintl.com\/wp-content\/uploads\/2025\/01\/attestation-engagement-rse-ghm.png\" target=\"_blank\">\n                                            <div class=\"wrapper-image\">\n                                                <img loading=\"lazy\" decoding=\"async\" width=\"400\" height=\"263\" src=\"https:\/\/www.ghmintl.com\/wp-content\/uploads\/2025\/01\/attestation-engagement-rse-ghm.png\" class=\"thumbnail\" alt=\"Cette attestation est l&#039;expression de l&#039;engagement de l&#039;entreprise en RSE selon le r\u00e9f\u00e9rentiel RSE de l&#039;IUMM soutenant une approche de Performance Globale Industrielle.\" srcset=\"https:\/\/www.ghmintl.com\/wp-content\/uploads\/2025\/01\/attestation-engagement-rse-ghm.png 1219w, https:\/\/www.ghmintl.com\/wp-content\/uploads\/2025\/01\/attestation-engagement-rse-ghm-300x197.png 300w, https:\/\/www.ghmintl.com\/wp-content\/uploads\/2025\/01\/attestation-engagement-rse-ghm-768x505.png 768w\" sizes=\"auto, (max-width: 400px) 100vw, 400px\" \/>                                            <\/div>\n                                        \n                                            <div class=\"wrapper-info\">\n                                                <p class=\"title-t6 color-blue fw-600\">\n                                                    Attestation engagement RSE                                                <\/p>\n                                                <p class=\"color-black mt-15 mt-lg-15\">Cette attestation est l&rsquo;expression de l&rsquo;engagement de l&rsquo;entreprise en RSE selon le r\u00e9f\u00e9rentiel RSE de l&rsquo;IUMM soutenant une approche de Performance Globale Industrielle.<\/p>\n                                                <span class=\"link color-blue d-flex mt-20 mt-lg-20\">\n                                                                                                            <img decoding=\"async\" class=\"download\" src=\"\/wp-content\/themes\/eclatec\/assets\/images\/icons\/cloud-arrow-down-solid.svg\" alt=\"icone download\">\n                                                                                                        Te\u0301le\u0301charger le document                                                <\/span>\n                                            <\/div>\n                                        <\/a>\n                                                                                                                    <a class=\"document text-decoration-none\" href=\"https:\/\/www.ghmintl.com\/wp-content\/uploads\/2025\/01\/Certificats-EN-12899-1.pdf\" target=\"_blank\">\n                                            <div class=\"wrapper-image\">\n                                                <img loading=\"lazy\" decoding=\"async\" width=\"283\" height=\"400\" src=\"https:\/\/www.ghmintl.com\/wp-content\/uploads\/2025\/01\/Certificats-EN-12899-1-pdf.jpg\" class=\"thumbnail\" alt=\"L\u2019ensemble des supports de signalisation verticale, en acier et en aluminium, soumis au domaine d\u2019application sont con\u00e7us et fabriqu\u00e9s selon la norme EN12899. Ils r\u00e9pondent aux exigences de cette m\u00eame norme et par cons\u00e9quent sont marqu\u00e9s CE conform\u00e9ment \u00e0 la directive europ\u00e9enne. Nos certificats ont \u00e9t\u00e9 d\u00e9livr\u00e9s par l\u2019organisme fran\u00e7ais ASCQUER (www.ascquer.fr).\" \/>                                            <\/div>\n                                        \n                                            <div class=\"wrapper-info\">\n                                                <p class=\"title-t6 color-blue fw-600\">\n                                                    Certification de conformit\u00e9 CE &#8211; Norme EN 12899-1                                                <\/p>\n                                                <p class=\"color-black mt-15 mt-lg-15\">L\u2019ensemble des supports de signalisation verticale, en acier et en aluminium, soumis au domaine d\u2019application sont con\u00e7us et fabriqu\u00e9s selon la norme EN12899. Ils r\u00e9pondent aux exigences de cette m\u00eame norme et par cons\u00e9quent sont marqu\u00e9s CE conform\u00e9ment \u00e0 la directive europ\u00e9enne. Nos certificats ont \u00e9t\u00e9 d\u00e9livr\u00e9s par l\u2019organisme fran\u00e7ais ASCQUER (www.ascquer.fr).<\/p>\n                                                <span class=\"link color-blue d-flex mt-20 mt-lg-20\">\n                                                                                                            <img decoding=\"async\" class=\"download\" src=\"\/wp-content\/themes\/eclatec\/assets\/images\/icons\/cloud-arrow-down-solid.svg\" alt=\"icone download\">\n                                                                                                        Te\u0301le\u0301charger le document                                                <\/span>\n                                            <\/div>\n                                        <\/a>\n                                                                                                                    <a class=\"document text-decoration-none\" href=\"https:\/\/www.ghmintl.com\/wp-content\/uploads\/2025\/01\/certificat-EN40.pdf\" target=\"_blank\">\n                                            <div class=\"wrapper-image\">\n                                                <img loading=\"lazy\" decoding=\"async\" width=\"400\" height=\"283\" src=\"https:\/\/www.ghmintl.com\/wp-content\/uploads\/2025\/01\/certificat-EN40-pdf.jpg\" class=\"thumbnail\" alt=\"L\u2019ensemble des cand\u00e9labres droits ou \u00e0 crosse(s) en acier et en aluminium soumis au domaine d&#039;application sont con\u00e7us et fabriqu\u00e9s selon la norme EN40. Ils r\u00e9pondent aux exigences 5 et 6 de cette m\u00eame norme et par cons\u00e9quent sont marqu\u00e9s CE conform\u00e9ment \u00e0 la directive europ\u00e9enne. Nos certificats ont \u00e9t\u00e9 d\u00e9livr\u00e9s par l\u2019organisme fran\u00e7ais CTICM (www.cticm.com) d\u00e9partement certification.\" \/>                                            <\/div>\n                                        \n                                            <div class=\"wrapper-info\">\n                                                <p class=\"title-t6 color-blue fw-600\">\n                                                    Certification de conformit\u00e9 CE &#8211; Norme EN 40                                                <\/p>\n                                                <p class=\"color-black mt-15 mt-lg-15\">L\u2019ensemble des cand\u00e9labres droits ou \u00e0 crosse(s) en acier et en aluminium soumis au domaine d&rsquo;application sont con\u00e7us et fabriqu\u00e9s selon la norme EN40. Ils r\u00e9pondent aux exigences 5 et 6 de cette m\u00eame norme et par cons\u00e9quent sont marqu\u00e9s CE conform\u00e9ment \u00e0 la directive europ\u00e9enne. Nos certificats ont \u00e9t\u00e9 d\u00e9livr\u00e9s par l\u2019organisme fran\u00e7ais CTICM (www.cticm.com) d\u00e9partement certification.<\/p>\n                                                <span class=\"link color-blue d-flex mt-20 mt-lg-20\">\n                                                                                                            <img decoding=\"async\" class=\"download\" src=\"\/wp-content\/themes\/eclatec\/assets\/images\/icons\/cloud-arrow-down-solid.svg\" alt=\"icone download\">\n                                                                                                        Te\u0301le\u0301charger le document                                                <\/span>\n                                            <\/div>\n                                        <\/a>\n                                                                                                                    <a class=\"document text-decoration-none\" href=\"https:\/\/www.ghmintl.com\/wp-content\/uploads\/2025\/01\/certificat-en-1090.pdf\" target=\"_blank\">\n                                            <div class=\"wrapper-image\">\n                                                <img loading=\"lazy\" decoding=\"async\" width=\"283\" height=\"400\" src=\"https:\/\/www.ghmintl.com\/wp-content\/uploads\/2025\/01\/certificat-en-1090-pdf.jpg\" class=\"thumbnail\" alt=\"Ce certificat atteste que toutes les dispositions concernant l&#039;\u00e9valuation et la v\u00e9rification de la constance des performances des kits de construction \u00e0 ossature en acier mis sur le march\u00e9 en tant que produits de construction, d\u00e9crites dans l&#039;annexe ZA de la norme de r\u00e9f\u00e9rence EN 1090-1:2009+A1:2011, pour le syst\u00e8me 2+, sont appliqu\u00e9es et que le contr\u00f4le de production en usine satisfait \u00e0 toutes les exigences prescrites dans cette norme.\" \/>                                            <\/div>\n                                        \n                                            <div class=\"wrapper-info\">\n                                                <p class=\"title-t6 color-blue fw-600\">\n                                                    Certification de conformit\u00e9 EN 1090                                                <\/p>\n                                                <p class=\"color-black mt-15 mt-lg-15\">Ce certificat atteste que toutes les dispositions concernant l&rsquo;\u00e9valuation et la v\u00e9rification de la constance des performances des kits de construction \u00e0 ossature en acier mis sur le march\u00e9 en tant que produits de construction, d\u00e9crites dans l&rsquo;annexe ZA de la norme de r\u00e9f\u00e9rence EN 1090-1:2009+A1:2011, pour le syst\u00e8me 2+, sont appliqu\u00e9es et que le contr\u00f4le de production en usine satisfait \u00e0 toutes les exigences prescrites dans cette norme.<\/p>\n                                                <span class=\"link color-blue d-flex mt-20 mt-lg-20\">\n                                                                                                            <img decoding=\"async\" class=\"download\" src=\"\/wp-content\/themes\/eclatec\/assets\/images\/icons\/cloud-arrow-down-solid.svg\" alt=\"icone download\">\n                                                                                                        Te\u0301le\u0301charger le document                                                <\/span>\n                                            <\/div>\n                                        <\/a>\n                                                                    <\/div>\n                                                    <\/div>\n                    <\/div><!-- \/.wrapper-max-width -->\n                <\/div><!-- \/.wrapper-documents -->\n                            <div class=\"bg-\">\n                    <div class=\"wrapper-max-width padding-large-element\">\n                        <div class=\"container-documents\">\n                                                            <h2 class=\"title-t2 fw-700 d-inline-block position-relative with-corner corner-blue\">\n                                    Label                                <\/h2>\n                                                                                        <div class=\"wrapper-documents mt-30 mt-lg-50\">\n                                                                                                                    <a class=\"document text-decoration-none\" href=\"https:\/\/www.ghmintl.com\/wp-content\/uploads\/2025\/01\/Label-EPV-GHM.pdf\" target=\"_blank\">\n                                            <div class=\"wrapper-image\">\n                                                <img loading=\"lazy\" decoding=\"async\" width=\"400\" height=\"283\" src=\"https:\/\/www.ghmintl.com\/wp-content\/uploads\/2025\/01\/Label-EPV-GHM-pdf.jpg\" class=\"thumbnail\" alt=\"Le label &quot;Entreprise du Patrimoine Vivant&quot; a \u00e9t\u00e9 d\u00e9cern\u00e9 \u00e0 GHM le 13 Avril 2018 par le Ministre de l&#039;Economie et des Finances.\" \/>                                            <\/div>\n                                        \n                                            <div class=\"wrapper-info\">\n                                                <p class=\"title-t6 color-blue fw-600\">\n                                                    \u00ab\u00a0Entreprise du Patrimoine Vivant\u00a0\u00bb                                                <\/p>\n                                                <p class=\"color-black mt-15 mt-lg-15\">Le label \u00ab\u00a0Entreprise du Patrimoine Vivant\u00a0\u00bb a \u00e9t\u00e9 d\u00e9cern\u00e9 \u00e0 GHM le 13 Avril 2018 par le Ministre de l&rsquo;Economie et des Finances.<\/p>\n                                                <span class=\"link color-blue d-flex mt-20 mt-lg-20\">\n                                                                                                            <img decoding=\"async\" class=\"download\" src=\"\/wp-content\/themes\/eclatec\/assets\/images\/icons\/cloud-arrow-down-solid.svg\" alt=\"icone download\">\n                                                                                                        Te\u0301le\u0301charger le document                                                <\/span>\n                                            <\/div>\n                                        <\/a>\n                                                                    <\/div>\n                                                    <\/div>\n                    <\/div><!-- \/.wrapper-max-width -->\n                <\/div><!-- \/.wrapper-documents -->\n            \t\t<\/div><!-- \/.block -->",
        "protected": false
    },
    "excerpt": {
        "rendered": "",
        "protected": false
    },
    "author": 2,
    "featured_media": 0,
    "parent": 1991,
    "menu_order": 6,
    "comment_status": "closed",
    "ping_status": "closed",
    "template": "",
    "meta": {
        "inline_featured_image": false,
        "footnotes": ""
    },
    "class_list": [
        "post-6486",
        "page",
        "type-page",
        "status-publish",
        "hentry"
    ],
    "_links": {
        "self": [
            {
                "href": "https:\/\/www.ghmintl.com\/fr\/wp-json\/wp\/v2\/pages\/6486",
                "targetHints": {
                    "allow": [
                        "GET"
                    ]
                }
            }
        ],
        "collection": [
            {
                "href": "https:\/\/www.ghmintl.com\/fr\/wp-json\/wp\/v2\/pages"
            }
        ],
        "about": [
            {
                "href": "https:\/\/www.ghmintl.com\/fr\/wp-json\/wp\/v2\/types\/page"
            }
        ],
        "author": [
            {
                "embeddable": true,
                "href": "https:\/\/www.ghmintl.com\/fr\/wp-json\/wp\/v2\/users\/2"
            }
        ],
        "replies": [
            {
                "embeddable": true,
                "href": "https:\/\/www.ghmintl.com\/fr\/wp-json\/wp\/v2\/comments?post=6486"
            }
        ],
        "version-history": [
            {
                "count": 13,
                "href": "https:\/\/www.ghmintl.com\/fr\/wp-json\/wp\/v2\/pages\/6486\/revisions"
            }
        ],
        "predecessor-version": [
            {
                "id": 11884,
                "href": "https:\/\/www.ghmintl.com\/fr\/wp-json\/wp\/v2\/pages\/6486\/revisions\/11884"
            }
        ],
        "up": [
            {
                "embeddable": true,
                "href": "https:\/\/www.ghmintl.com\/fr\/wp-json\/wp\/v2\/pages\/1991"
            }
        ],
        "wp:attachment": [
            {
                "href": "https:\/\/www.ghmintl.com\/fr\/wp-json\/wp\/v2\/media?parent=6486"
            }
        ],
        "curies": [
            {
                "name": "wp",
                "href": "https:\/\/api.w.org\/{rel}",
                "templated": true
            }
        ]
    }
}