{
    "id": 1812,
    "date": "2024-05-30T14:34:44",
    "date_gmt": "2024-05-30T14:34:44",
    "guid": {
        "rendered": "https:\/\/www.eclatec.fr\/?page_id=1812"
    },
    "modified": "2025-01-22T16:44:49",
    "modified_gmt": "2025-01-22T16:44:49",
    "slug": "actualites",
    "status": "publish",
    "type": "page",
    "link": "https:\/\/www.ghmintl.com\/fr\/actualites\/",
    "title": {
        "rendered": "Actualit\u00e9s"
    },
    "content": {
        "rendered": "<div class=\"block hero-banner-black\">\n            <img decoding=\"async\" class=\"motif-right width-ghm-2\" src=\"https:\/\/www.ghmintl.com\/wp-content\/themes\/eclatec\/assets\/images\/motifs\/motif-black-hero.svg\" alt=\"motif black hero\">\n            <div class=\"description-hero\">\n                <div class=\"wrapper-inner-block wrapper-max-width\">\n                                            <div>\n                            <p><\/p>\n                        <\/div>\n                                                                <div data-aos=\"fade-up\" data-aos-easing=\"ease\">\n                            \n\n<h1 class=\"wp-block-heading\">Nos actualit\u00e9s<\/h1>\n\n\n\n<p><\/p>\n\n                        <\/div>\n                                    <\/div><!-- \/.wrapper-inner-block -->\n            <\/div><!-- \/.description-hero -->\n            <a href=\"#start\" class=\"anchor\"><\/a>\n\t\t<\/div><!-- \/.block -->\n        <a id=\"start\"><\/a>\n\t\t\n\n\n\t\t<div class=\"block latest-blogs pt-50 pt-lg-100 pb-50 pb-lg-100\">\n            <div class=\"wrapper-blogs wrapper-max-width\">\n                                    <div class=\"wrapper-filters-blogs\">\n                        <div class=\"filter-1\">\n                            <p>Filtrer par zones<\/p>\n                            <ul class=\"filter-list\">\n                                                                                                            <li>\n                                            <a href=\"\/fr\/wp-json\/wp\/v2\/pages\/1812?categ=40\" class=\"text-decoration-none filter-link-blog\">\u00c9v\u00e9nement<\/a>\n                                        <\/li>\n                                                                                                                                                                                                                    <li>\n                                            <a href=\"\/fr\/wp-json\/wp\/v2\/pages\/1812?categ=39\" class=\"text-decoration-none filter-link-blog\">Presse<\/a>\n                                        <\/li>\n                                                                                                                                                <li>\n                                            <a href=\"\/fr\/wp-json\/wp\/v2\/pages\/1812?categ=41\" class=\"text-decoration-none filter-link-blog\">Produits<\/a>\n                                        <\/li>\n                                                                                                                                                <li>\n                                            <a href=\"\/fr\/wp-json\/wp\/v2\/pages\/1812?categ=58\" class=\"text-decoration-none filter-link-blog\">Projet<\/a>\n                                        <\/li>\n                                                                                                                                                <li>\n                                            <a href=\"\/fr\/wp-json\/wp\/v2\/pages\/1812?categ=52\" class=\"text-decoration-none filter-link-blog\">RSE<\/a>\n                                        <\/li>\n                                                                                                <\/ul>\n                        <\/div>\n                        <div class=\"filter-4\">\n                            <p>R\u00e9initialiser les filtres<\/p>\n                            <a href=\"https:\/\/www.ghmintl.com\/fr\/actualites\/\" class=\"reset-filter filter-link-blog\">X Reset<\/a>\n                        <\/div>\n                    <\/div><!-- \/.wrapper-filters -->\n                                                                    <div class=\"blog-listing mt-40 mt-lg-60 style-listing\">\n                                                                                <a href=\"https:\/\/www.ghmintl.com\/fr\/2025\/02\/20\/%f0%9f%8c%9e-elodea-sous-le-soleil-de-saint-lo-%f0%9f%8c%9e\/\" class=\"text-decoration-none blog-item d-block color-black\">\n                                                                    <div class=\"wrapper-img\">\n                                        <p class=\"categ\">Projet<\/p>\n                                        <img loading=\"lazy\" decoding=\"async\" width=\"1920\" height=\"1440\" src=\"https:\/\/www.ghmintl.com\/wp-content\/uploads\/2025\/02\/1740070703651-1.jpg\" class=\"cover-image skip-lazy wp-post-image\" alt=\"\" srcset=\"https:\/\/www.ghmintl.com\/wp-content\/uploads\/2025\/02\/1740070703651-1.jpg 1920w, https:\/\/www.ghmintl.com\/wp-content\/uploads\/2025\/02\/1740070703651-1-300x225.jpg 300w, https:\/\/www.ghmintl.com\/wp-content\/uploads\/2025\/02\/1740070703651-1-1600x1200.jpg 1600w, https:\/\/www.ghmintl.com\/wp-content\/uploads\/2025\/02\/1740070703651-1-768x576.jpg 768w, https:\/\/www.ghmintl.com\/wp-content\/uploads\/2025\/02\/1740070703651-1-1536x1152.jpg 1536w\" sizes=\"auto, (max-width: 1920px) 100vw, 1920px\" \/>                                    <\/div>\n                                                                <div class=\"wrapper-info\">\n                                    <p class=\"text-paragraph fw-700\">20\/02\/2025<\/p>\n                                    <p class=\"mt-10 mt-lg-10 title-t6 color-blue fw-700\">ELODEA sous le soleil de Saint-L\u00f4 ! \ud83c\udf1e<\/p>\n                                                                            <p class=\"mt-10 mt-lg-20\">\n\nELODEA sous le soleil de Saint-L\u00f4 ! \ud83c\udf1e\n\n\n\nDans le monde de l&rsquo;urbanisme lumineux, une nouvelle \u00e9toile brille : Elodea. Ce cand\u00e9labre novateur, con\u00e7u par l&rsquo;architecte francois migeon, co-fondateur de l&rsquo;Agence 8&rsquo;18\u00a0\u00bb , est bien plus qu&rsquo;un simple&#8230;<\/p>\n                                                                    <\/div><!-- \/.wrapper-info -->\n                            <\/a>\n                                                                                <a href=\"https:\/\/www.ghmintl.com\/fr\/2025\/02\/06\/retour-dun-patrimoine-exceptionnel\/\" class=\"text-decoration-none blog-item d-block color-black\">\n                                                                    <div class=\"wrapper-img\">\n                                        <p class=\"categ\">\u00c9v\u00e9nement<\/p>\n                                        <img loading=\"lazy\" decoding=\"async\" width=\"1920\" height=\"1280\" src=\"https:\/\/www.ghmintl.com\/wp-content\/uploads\/2025\/02\/Pieces-Mulhouse.jpg\" class=\"cover-image skip-lazy wp-post-image\" alt=\"\" srcset=\"https:\/\/www.ghmintl.com\/wp-content\/uploads\/2025\/02\/Pieces-Mulhouse.jpg 1920w, https:\/\/www.ghmintl.com\/wp-content\/uploads\/2025\/02\/Pieces-Mulhouse-300x200.jpg 300w, https:\/\/www.ghmintl.com\/wp-content\/uploads\/2025\/02\/Pieces-Mulhouse-1600x1067.jpg 1600w, https:\/\/www.ghmintl.com\/wp-content\/uploads\/2025\/02\/Pieces-Mulhouse-768x512.jpg 768w, https:\/\/www.ghmintl.com\/wp-content\/uploads\/2025\/02\/Pieces-Mulhouse-1536x1024.jpg 1536w\" sizes=\"auto, (max-width: 1920px) 100vw, 1920px\" \/>                                    <\/div>\n                                                                <div class=\"wrapper-info\">\n                                    <p class=\"text-paragraph fw-700\">06\/02\/2025<\/p>\n                                    <p class=\"mt-10 mt-lg-10 title-t6 color-blue fw-700\">Retour d\u2019un patrimoine exceptionnel<\/p>\n                                                                            <p class=\"mt-10 mt-lg-20\">\n\nRetour d&rsquo;un patrimoine exceptionnel\n\n\n\nCertaines \u0153uvres embl\u00e9matiques de fonderie d\u2019art de Ghm retrouvent leur berceau historique. Conserv\u00e9s avec soin pendant plusieurs d\u00e9cennies, ces tr\u00e9sors avaient \u00e9t\u00e9 pr\u00eat\u00e9s au Mus\u00e9e National de l&rsquo;Au&#8230;<\/p>\n                                                                    <\/div><!-- \/.wrapper-info -->\n                            <\/a>\n                                                                                <a href=\"https:\/\/www.ghmintl.com\/fr\/2024\/10\/23\/journee-portes-ouvertes-exceptionnelle\/\" class=\"text-decoration-none blog-item d-block color-black\">\n                                                                    <div class=\"wrapper-img\">\n                                        <p class=\"categ\">\u00c9v\u00e9nement<\/p>\n                                        <img loading=\"lazy\" decoding=\"async\" width=\"827\" height=\"583\" src=\"https:\/\/www.ghmintl.com\/wp-content\/uploads\/2025\/01\/invitation-porte-ouverte-Metalec.jpg\" class=\"cover-image skip-lazy wp-post-image\" alt=\"\" srcset=\"https:\/\/www.ghmintl.com\/wp-content\/uploads\/2025\/01\/invitation-porte-ouverte-Metalec.jpg 827w, https:\/\/www.ghmintl.com\/wp-content\/uploads\/2025\/01\/invitation-porte-ouverte-Metalec-300x211.jpg 300w, https:\/\/www.ghmintl.com\/wp-content\/uploads\/2025\/01\/invitation-porte-ouverte-Metalec-768x541.jpg 768w\" sizes=\"auto, (max-width: 827px) 100vw, 827px\" \/>                                    <\/div>\n                                                                <div class=\"wrapper-info\">\n                                    <p class=\"text-paragraph fw-700\">23\/10\/2024<\/p>\n                                    <p class=\"mt-10 mt-lg-10 title-t6 color-blue fw-700\">Journ\u00e9e Portes Ouvertes exceptionnelle<\/p>\n                                                                            <p class=\"mt-10 mt-lg-20\">\nVendredi 8 novembreDe 9h00 \u00e0 14h00\n\n\n\nL\u2019agence Lorraine de&nbsp;Ghm-Eclatec&nbsp;organise une Journ\u00e9e Portes Ouvertes exceptionnelle \u00e0 destination des \u00e9lus locaux, et de tous ses partenaires acteurs des collectivit\u00e9s pour pr\u00e9senter son usine&#8230;<\/p>\n                                                                    <\/div><!-- \/.wrapper-info -->\n                            <\/a>\n                                                                                <a href=\"https:\/\/www.ghmintl.com\/fr\/2024\/07\/25\/reno-conservation-chateauroux\/\" class=\"text-decoration-none blog-item d-block color-black\">\n                                                                    <div class=\"wrapper-img\">\n                                        <p class=\"categ\">Projet<\/p>\n                                        <img loading=\"lazy\" decoding=\"async\" width=\"1400\" height=\"933\" src=\"https:\/\/www.ghmintl.com\/wp-content\/uploads\/2025\/01\/reno-chateauroux4.png\" class=\"cover-image skip-lazy wp-post-image\" alt=\"\" srcset=\"https:\/\/www.ghmintl.com\/wp-content\/uploads\/2025\/01\/reno-chateauroux4.png 1400w, https:\/\/www.ghmintl.com\/wp-content\/uploads\/2025\/01\/reno-chateauroux4-300x200.png 300w, https:\/\/www.ghmintl.com\/wp-content\/uploads\/2025\/01\/reno-chateauroux4-768x512.png 768w\" sizes=\"auto, (max-width: 1400px) 100vw, 1400px\" \/>                                    <\/div>\n                                                                <div class=\"wrapper-info\">\n                                    <p class=\"text-paragraph fw-700\">25\/07\/2024<\/p>\n                                    <p class=\"mt-10 mt-lg-10 title-t6 color-blue fw-700\">R\u00e9novation et Conservation du Patrimoine Industriel &#8211; Ch\u00e2teauroux<\/p>\n                                                                            <p class=\"mt-10 mt-lg-20\">\nR\u00e9novation et Conservation du Patrimoine Industriel &#8211; Site Historique BALSAN \u00e0\u00a0Ch\u00e2teauroux\n\n\n\nNous sommes ravis de participer \u00e0 la restauration et \u00e0 la mise en valeur du site historique de l&rsquo;entreprise embl\u00e9matique BALSAN, dans l&rsquo;Indre. Initi&#8230;<\/p>\n                                                                    <\/div><!-- \/.wrapper-info -->\n                            <\/a>\n                                                                                <a href=\"https:\/\/www.ghmintl.com\/fr\/2024\/07\/05\/ghm-voyageanantes\/\" class=\"text-decoration-none blog-item d-block color-black\">\n                                                                    <div class=\"wrapper-img\">\n                                        <p class=\"categ\">Projet<\/p>\n                                        <img loading=\"lazy\" decoding=\"async\" width=\"1400\" height=\"933\" src=\"https:\/\/www.ghmintl.com\/wp-content\/uploads\/2025\/01\/van-ghm1.png\" class=\"cover-image skip-lazy wp-post-image\" alt=\"\" srcset=\"https:\/\/www.ghmintl.com\/wp-content\/uploads\/2025\/01\/van-ghm1.png 1400w, https:\/\/www.ghmintl.com\/wp-content\/uploads\/2025\/01\/van-ghm1-300x200.png 300w, https:\/\/www.ghmintl.com\/wp-content\/uploads\/2025\/01\/van-ghm1-768x512.png 768w\" sizes=\"auto, (max-width: 1400px) 100vw, 1400px\" \/>                                    <\/div>\n                                                                <div class=\"wrapper-info\">\n                                    <p class=\"text-paragraph fw-700\">05\/07\/2024<\/p>\n                                    <p class=\"mt-10 mt-lg-10 title-t6 color-blue fw-700\">Inauguration de l&rsquo;exposition publique d&rsquo;art contemporain par le Voyage \u00e0 Nantes<\/p>\n                                                                            <p class=\"mt-10 mt-lg-20\">\nCes fontaines Wallace ne sont plus celles de\u00a0Ghm, ce sont d\u00e9sormais les v\u00f4tres !\n\n\n\nHier, avait lieu l&rsquo;inauguration de l&rsquo;exposition publique d&rsquo;art contemporain par&nbsp;Le Voyage \u00e0 Nantes, autour de l&rsquo;eau, cette pr\u00e9cieuse ressource.\n\n\n\nNous avo&#8230;<\/p>\n                                                                    <\/div><!-- \/.wrapper-info -->\n                            <\/a>\n                                                                                <a href=\"https:\/\/www.ghmintl.com\/fr\/2024\/06\/17\/nouveau-projet-a-saint-privat-des-vieux\/\" class=\"text-decoration-none blog-item d-block color-black\">\n                                                                    <div class=\"wrapper-img\">\n                                        <p class=\"categ\">Projet<\/p>\n                                        <img loading=\"lazy\" decoding=\"async\" width=\"1400\" height=\"933\" src=\"https:\/\/www.ghmintl.com\/wp-content\/uploads\/2025\/01\/saintprivatesvieux1.png\" class=\"cover-image skip-lazy wp-post-image\" alt=\"\" srcset=\"https:\/\/www.ghmintl.com\/wp-content\/uploads\/2025\/01\/saintprivatesvieux1.png 1400w, https:\/\/www.ghmintl.com\/wp-content\/uploads\/2025\/01\/saintprivatesvieux1-300x200.png 300w, https:\/\/www.ghmintl.com\/wp-content\/uploads\/2025\/01\/saintprivatesvieux1-768x512.png 768w\" sizes=\"auto, (max-width: 1400px) 100vw, 1400px\" \/>                                    <\/div>\n                                                                <div class=\"wrapper-info\">\n                                    <p class=\"text-paragraph fw-700\">17\/06\/2024<\/p>\n                                    <p class=\"mt-10 mt-lg-10 title-t6 color-blue fw-700\">Nouveau projet \u00e0 Saint-Privat-des-Vieux !<\/p>\n                                                                            <p class=\"mt-10 mt-lg-20\">\nNous sommes fiers de partager notre derni\u00e8re r\u00e9alisation dans cette charmante commune rurale du Gard, o\u00f9 les habitants peuvent d\u00e9sormais profiter d&rsquo;un \u00e9clairage public de haute qualit\u00e9, sobre en \u00e9nergie et en harmonie avec leur environnement&#8230;.<\/p>\n                                                                    <\/div><!-- \/.wrapper-info -->\n                            <\/a>\n                                                                                <a href=\"https:\/\/www.ghmintl.com\/fr\/2024\/06\/11\/revuedepressevsd\/\" class=\"text-decoration-none blog-item d-block color-black\">\n                                                                    <div class=\"wrapper-img\">\n                                        <p class=\"categ\">Presse<\/p>\n                                        <img loading=\"lazy\" decoding=\"async\" width=\"1400\" height=\"933\" src=\"https:\/\/www.ghmintl.com\/wp-content\/uploads\/2025\/01\/VDS1.png\" class=\"cover-image skip-lazy wp-post-image\" alt=\"\" srcset=\"https:\/\/www.ghmintl.com\/wp-content\/uploads\/2025\/01\/VDS1.png 1400w, https:\/\/www.ghmintl.com\/wp-content\/uploads\/2025\/01\/VDS1-300x200.png 300w, https:\/\/www.ghmintl.com\/wp-content\/uploads\/2025\/01\/VDS1-768x512.png 768w\" sizes=\"auto, (max-width: 1400px) 100vw, 1400px\" \/>                                    <\/div>\n                                                                <div class=\"wrapper-info\">\n                                    <p class=\"text-paragraph fw-700\">11\/06\/2024<\/p>\n                                    <p class=\"mt-10 mt-lg-10 title-t6 color-blue fw-700\">Caf\u00e9 du Matin &amp; Revue de Presse chez GHM !<\/p>\n                                                                            <p class=\"mt-10 mt-lg-20\">\nVous connaissez ce moment o\u00f9 vous prenez votre premier caf\u00e9 et feuilletez la presse ? Eh bien, nous avons une nouvelle qui va vous r\u00e9veiller mieux que n&rsquo;importe quel expresso !\n\n\n\nLe magazine national&nbsp;VSD, sous la plume d&rsquo;Edouard DOUROUX, no&#8230;<\/p>\n                                                                    <\/div><!-- \/.wrapper-info -->\n                            <\/a>\n                                                                                <a href=\"https:\/\/www.ghmintl.com\/fr\/2024\/06\/06\/diplomes-cqpm\/\" class=\"text-decoration-none blog-item d-block color-black\">\n                                                                    <div class=\"wrapper-img\">\n                                        <p class=\"categ\">\u00c9v\u00e9nement<\/p>\n                                        <img loading=\"lazy\" decoding=\"async\" width=\"1400\" height=\"933\" src=\"https:\/\/www.ghmintl.com\/wp-content\/uploads\/2025\/01\/remisediplomes1.png\" class=\"cover-image skip-lazy wp-post-image\" alt=\"\" srcset=\"https:\/\/www.ghmintl.com\/wp-content\/uploads\/2025\/01\/remisediplomes1.png 1400w, https:\/\/www.ghmintl.com\/wp-content\/uploads\/2025\/01\/remisediplomes1-300x200.png 300w, https:\/\/www.ghmintl.com\/wp-content\/uploads\/2025\/01\/remisediplomes1-768x512.png 768w\" sizes=\"auto, (max-width: 1400px) 100vw, 1400px\" \/>                                    <\/div>\n                                                                <div class=\"wrapper-info\">\n                                    <p class=\"text-paragraph fw-700\">06\/06\/2024<\/p>\n                                    <p class=\"mt-10 mt-lg-10 title-t6 color-blue fw-700\">14 collaborateurs obtiennent leur CQPM<\/p>\n                                                                            <p class=\"mt-10 mt-lg-20\">\nF\u00e9licitations \u00e0 nos dipl\u00f4m\u00e9s !Nous avons eu l&rsquo;honneur r\u00e9cemment de c\u00e9l\u00e9brer la r\u00e9ussite de 14 de nos collaborateurs qui ont obtenu leur Certificat de Qualification Professionnelle de la M\u00e9tallurgie (CQPM) en tant qu&rsquo;Animateur d\u2019\u00e9quipe au&#8230;<\/p>\n                                                                    <\/div><!-- \/.wrapper-info -->\n                            <\/a>\n                                                                                <a href=\"https:\/\/www.ghmintl.com\/fr\/2024\/05\/21\/selaq24\/\" class=\"text-decoration-none blog-item d-block color-black\">\n                                                                    <div class=\"wrapper-img\">\n                                        <p class=\"categ\">\u00c9v\u00e9nement<\/p>\n                                        <img loading=\"lazy\" decoding=\"async\" width=\"1280\" height=\"720\" src=\"https:\/\/www.ghmintl.com\/wp-content\/uploads\/2025\/01\/GHMEclatecSelaq.jpg\" class=\"cover-image skip-lazy wp-post-image\" alt=\"\" srcset=\"https:\/\/www.ghmintl.com\/wp-content\/uploads\/2025\/01\/GHMEclatecSelaq.jpg 1280w, https:\/\/www.ghmintl.com\/wp-content\/uploads\/2025\/01\/GHMEclatecSelaq-300x169.jpg 300w, https:\/\/www.ghmintl.com\/wp-content\/uploads\/2025\/01\/GHMEclatecSelaq-768x432.jpg 768w\" sizes=\"auto, (max-width: 1280px) 100vw, 1280px\" \/>                                    <\/div>\n                                                                <div class=\"wrapper-info\">\n                                    <p class=\"text-paragraph fw-700\">21\/05\/2024<\/p>\n                                    <p class=\"mt-10 mt-lg-10 title-t6 color-blue fw-700\">GHM-Eclatec participe au salon SELAQ<\/p>\n                                                                            <p class=\"mt-10 mt-lg-20\">\nGHM-Eclatec&nbsp;est fier de participer cette semaine au salon SELAQ des \u00e9lus de la Nouvelle-Aquitaine \u00e0 Bordeaux !Vous d\u00e9couvrirez comment nos solutions globales d&rsquo;\u00e9clairage public incarnent nos valeurs fondamentales :- Sobri\u00e9t\u00e9 \u00e9nerg\u00e9tique&#8230;<\/p>\n                                                                    <\/div><!-- \/.wrapper-info -->\n                            <\/a>\n                                                                                <a href=\"https:\/\/www.ghmintl.com\/fr\/2024\/05\/20\/revuedepresse-pdv\/\" class=\"text-decoration-none blog-item d-block color-black\">\n                                                                    <div class=\"wrapper-img\">\n                                        <p class=\"categ\">Presse<\/p>\n                                        <img loading=\"lazy\" decoding=\"async\" width=\"2000\" height=\"1208\" src=\"https:\/\/www.ghmintl.com\/wp-content\/uploads\/2025\/01\/wallace-voyageanantes.jpg\" class=\"cover-image skip-lazy wp-post-image\" alt=\"\" srcset=\"https:\/\/www.ghmintl.com\/wp-content\/uploads\/2025\/01\/wallace-voyageanantes.jpg 2000w, https:\/\/www.ghmintl.com\/wp-content\/uploads\/2025\/01\/wallace-voyageanantes-300x181.jpg 300w, https:\/\/www.ghmintl.com\/wp-content\/uploads\/2025\/01\/wallace-voyageanantes-1600x966.jpg 1600w, https:\/\/www.ghmintl.com\/wp-content\/uploads\/2025\/01\/wallace-voyageanantes-768x464.jpg 768w, https:\/\/www.ghmintl.com\/wp-content\/uploads\/2025\/01\/wallace-voyageanantes-1536x928.jpg 1536w\" sizes=\"auto, (max-width: 2000px) 100vw, 2000px\" \/>                                    <\/div>\n                                                                <div class=\"wrapper-info\">\n                                    <p class=\"text-paragraph fw-700\">20\/05\/2024<\/p>\n                                    <p class=\"mt-10 mt-lg-10 title-t6 color-blue fw-700\">Revue de presse &#8211; Point de vue<\/p>\n                                                                            <p class=\"mt-10 mt-lg-20\">\nLe magazine \u00ab\u00a0Point de Vue\u00a0\u00bb a consacr\u00e9 4 pages sur le projet du \u00ab\u00a0Voyage \u00e0 Nantes\u00a0\u00bb, en collaboration avec Emmanuel Divet (Charg\u00e9 de projet du Voyage \u00e0 Nantes) et le dessinateur de bandes dessin\u00e9es Cyril Pedrosa. Un article retra\u00e7ant l&rsquo;id\u00e9e du p&#8230;<\/p>\n                                                                    <\/div><!-- \/.wrapper-info -->\n                            <\/a>\n                                                                                <a href=\"https:\/\/www.ghmintl.com\/fr\/2024\/05\/15\/villagemediajo2024\/\" class=\"text-decoration-none blog-item d-block color-black\">\n                                                                    <div class=\"wrapper-img\">\n                                        <p class=\"categ\">Projet<\/p>\n                                        <img loading=\"lazy\" decoding=\"async\" width=\"1400\" height=\"933\" src=\"https:\/\/www.ghmintl.com\/wp-content\/uploads\/2025\/01\/xeonb2-2.png\" class=\"cover-image skip-lazy wp-post-image\" alt=\"\" srcset=\"https:\/\/www.ghmintl.com\/wp-content\/uploads\/2025\/01\/xeonb2-2.png 1400w, https:\/\/www.ghmintl.com\/wp-content\/uploads\/2025\/01\/xeonb2-2-300x200.png 300w, https:\/\/www.ghmintl.com\/wp-content\/uploads\/2025\/01\/xeonb2-2-768x512.png 768w\" sizes=\"auto, (max-width: 1400px) 100vw, 1400px\" \/>                                    <\/div>\n                                                                <div class=\"wrapper-info\">\n                                    <p class=\"text-paragraph fw-700\">15\/05\/2024<\/p>\n                                    <p class=\"mt-10 mt-lg-10 title-t6 color-blue fw-700\">GHM-Eclatec \u00e9claire le Village des M\u00e9dias &#8211; JO 2024<\/p>\n                                                                            <p class=\"mt-10 mt-lg-20\">\nLes Jeux Olympiques approchent, les journalistes et le personnel technique se rendent d\u00e9j\u00e0 \u00e0 Paris.\n\n\n\nIls seront accueillis dans le Village des M\u00e9dias (situ\u00e9 \u00e0 Dugny et proche de l&rsquo;International Broadcast Center), que&nbsp;GHM-Eclatec&nbsp;a &#8230;<\/p>\n                                                                    <\/div><!-- \/.wrapper-info -->\n                            <\/a>\n                                                                                <a href=\"https:\/\/www.ghmintl.com\/fr\/2024\/05\/03\/nouveauxguimardratp\/\" class=\"text-decoration-none blog-item d-block color-black\">\n                                                                    <div class=\"wrapper-img\">\n                                        <p class=\"categ\">Projet<\/p>\n                                        <img loading=\"lazy\" decoding=\"async\" width=\"1400\" height=\"933\" src=\"https:\/\/www.ghmintl.com\/wp-content\/uploads\/2025\/01\/entreeguimard_1.png\" class=\"cover-image skip-lazy wp-post-image\" alt=\"\" srcset=\"https:\/\/www.ghmintl.com\/wp-content\/uploads\/2025\/01\/entreeguimard_1.png 1400w, https:\/\/www.ghmintl.com\/wp-content\/uploads\/2025\/01\/entreeguimard_1-300x200.png 300w, https:\/\/www.ghmintl.com\/wp-content\/uploads\/2025\/01\/entreeguimard_1-768x512.png 768w\" sizes=\"auto, (max-width: 1400px) 100vw, 1400px\" \/>                                    <\/div>\n                                                                <div class=\"wrapper-info\">\n                                    <p class=\"text-paragraph fw-700\">03\/05\/2024<\/p>\n                                    <p class=\"mt-10 mt-lg-10 title-t6 color-blue fw-700\">GHM et la RATP modernisent les entr\u00e9es Guimard<\/p>\n                                                                            <p class=\"mt-10 mt-lg-20\">\nEn collaboration avec la RATP (R\u00e9gie Autonome des Transports Parisiens), GHM (fi\u00e8re h\u00e9ritiaire de la fonderie du Val d\u2019Osne, fournisseur historique de la Compagnie du M\u00e9tropolitain de Paris) a con\u00e7u une nouvelle gamme d&rsquo;acc\u00e8s au m\u00e9tro dans &#8230;<\/p>\n                                                                    <\/div><!-- \/.wrapper-info -->\n                            <\/a>\n                                                                                <a href=\"https:\/\/www.ghmintl.com\/fr\/2024\/04\/24\/ghm-caminteresse\/\" class=\"text-decoration-none blog-item d-block color-black\">\n                                                                    <div class=\"wrapper-img\">\n                                        <p class=\"categ\">Presse<\/p>\n                                        <img loading=\"lazy\" decoding=\"async\" width=\"1400\" height=\"933\" src=\"https:\/\/www.ghmintl.com\/wp-content\/uploads\/2025\/01\/caminteresse-blog.png\" class=\"cover-image skip-lazy wp-post-image\" alt=\"\" srcset=\"https:\/\/www.ghmintl.com\/wp-content\/uploads\/2025\/01\/caminteresse-blog.png 1400w, https:\/\/www.ghmintl.com\/wp-content\/uploads\/2025\/01\/caminteresse-blog-300x200.png 300w, https:\/\/www.ghmintl.com\/wp-content\/uploads\/2025\/01\/caminteresse-blog-768x512.png 768w\" sizes=\"auto, (max-width: 1400px) 100vw, 1400px\" \/>                                    <\/div>\n                                                                <div class=\"wrapper-info\">\n                                    <p class=\"text-paragraph fw-700\">24\/04\/2024<\/p>\n                                    <p class=\"mt-10 mt-lg-10 title-t6 color-blue fw-700\">Quand \u00ab\u00a0\u00c7a m&rsquo;int\u00e9resse\u00a0\u00bb s&rsquo;int\u00e9resse \u00e0 GHM<\/p>\n                                                                            <p class=\"mt-10 mt-lg-20\">\nNotre iconique fontaine Wallace, fi\u00e8rement fabriqu\u00e9e en Haute-Marne, passionne toujours autant !\n\n\n\nVoici le contenu de la page d\u00e9di\u00e9e \u00e0 l&rsquo;entreprise et sa fontaine :\n\n\n\n\u00ab\u00a0Quelle est l&rsquo;origine des fontaines Wallace ?Elles sont dues \u00e0 la g\u00e9n\u00e9r&#8230;<\/p>\n                                                                    <\/div><!-- \/.wrapper-info -->\n                            <\/a>\n                                                                                <a href=\"https:\/\/www.ghmintl.com\/fr\/2024\/03\/20\/trolleybus\/\" class=\"text-decoration-none blog-item d-block color-black\">\n                                                                    <div class=\"wrapper-img\">\n                                        <p class=\"categ\">Projet<\/p>\n                                        <img loading=\"lazy\" decoding=\"async\" width=\"1400\" height=\"933\" src=\"https:\/\/www.ghmintl.com\/wp-content\/uploads\/2025\/01\/trolleybus1.png\" class=\"cover-image skip-lazy wp-post-image\" alt=\"\" srcset=\"https:\/\/www.ghmintl.com\/wp-content\/uploads\/2025\/01\/trolleybus1.png 1400w, https:\/\/www.ghmintl.com\/wp-content\/uploads\/2025\/01\/trolleybus1-300x200.png 300w, https:\/\/www.ghmintl.com\/wp-content\/uploads\/2025\/01\/trolleybus1-768x512.png 768w\" sizes=\"auto, (max-width: 1400px) 100vw, 1400px\" \/>                                    <\/div>\n                                                                <div class=\"wrapper-info\">\n                                    <p class=\"text-paragraph fw-700\">20\/03\/2024<\/p>\n                                    <p class=\"mt-10 mt-lg-10 title-t6 color-blue fw-700\">GHM participe au projet Trolleybus 100% \u00e9lectrique \u00e0 Nancy<\/p>\n                                                                            <p class=\"mt-10 mt-lg-20\">\nUn grand merci \u00e0\u00a0R\u00e9mi BERNARD, en tant que repr\u00e9sentant de\u00a0GHM-Eclatec, pour sa contribution au projet du Trolleybus 100% \u00e9lectrique \u00e0 Nancy. Ce moment de pr\u00e9sentation du premier exemplaire est embl\u00e9matique pour la ville et pour l&rsquo;avenir de&#8230;<\/p>\n                                                                    <\/div><!-- \/.wrapper-info -->\n                            <\/a>\n                                                                                <a href=\"https:\/\/www.ghmintl.com\/fr\/2024\/02\/28\/nexiode-agoramakers\/\" class=\"text-decoration-none blog-item d-block color-black\">\n                                                                    <div class=\"wrapper-img\">\n                                        <p class=\"categ\">\u00c9v\u00e9nement<\/p>\n                                        <img loading=\"lazy\" decoding=\"async\" width=\"1400\" height=\"933\" src=\"https:\/\/www.ghmintl.com\/wp-content\/uploads\/2025\/01\/nexiode-blog.png\" class=\"cover-image skip-lazy wp-post-image\" alt=\"\" srcset=\"https:\/\/www.ghmintl.com\/wp-content\/uploads\/2025\/01\/nexiode-blog.png 1400w, https:\/\/www.ghmintl.com\/wp-content\/uploads\/2025\/01\/nexiode-blog-300x200.png 300w, https:\/\/www.ghmintl.com\/wp-content\/uploads\/2025\/01\/nexiode-blog-768x512.png 768w\" sizes=\"auto, (max-width: 1400px) 100vw, 1400px\" \/>                                    <\/div>\n                                                                <div class=\"wrapper-info\">\n                                    <p class=\"text-paragraph fw-700\">28\/02\/2024<\/p>\n                                    <p class=\"mt-10 mt-lg-10 title-t6 color-blue fw-700\">Le groupe fran\u00e7ais, Agora Makers, renforce son leadership avec l&rsquo;acquisition de Nexiode<\/p>\n                                                                            <p class=\"mt-10 mt-lg-20\">\nAgora Makers, via sa Holding, annonce aujourd&rsquo;hui l&rsquo;acquisition de Nexiode, une entreprise innovante sp\u00e9cialis\u00e9e dans le d\u00e9veloppement de produits innovants et solutions connect\u00e9es (IOT) pour la gestion intelligente de l\u2019\u00e9clairage urbain et s&#8230;<\/p>\n                                                                    <\/div><!-- \/.wrapper-info -->\n                            <\/a>\n                                                                                <a href=\"https:\/\/www.ghmintl.com\/fr\/2024\/02\/07\/ghm-iso14001\/\" class=\"text-decoration-none blog-item d-block color-black\">\n                                                                    <div class=\"wrapper-img\">\n                                        <p class=\"categ\">\u00c9v\u00e9nement<\/p>\n                                        <img loading=\"lazy\" decoding=\"async\" width=\"1400\" height=\"933\" src=\"https:\/\/www.ghmintl.com\/wp-content\/uploads\/2025\/01\/blogiso14001.png\" class=\"cover-image skip-lazy wp-post-image\" alt=\"\" srcset=\"https:\/\/www.ghmintl.com\/wp-content\/uploads\/2025\/01\/blogiso14001.png 1400w, https:\/\/www.ghmintl.com\/wp-content\/uploads\/2025\/01\/blogiso14001-300x200.png 300w, https:\/\/www.ghmintl.com\/wp-content\/uploads\/2025\/01\/blogiso14001-768x512.png 768w\" sizes=\"auto, (max-width: 1400px) 100vw, 1400px\" \/>                                    <\/div>\n                                                                <div class=\"wrapper-info\">\n                                    <p class=\"text-paragraph fw-700\">07\/02\/2024<\/p>\n                                    <p class=\"mt-10 mt-lg-10 title-t6 color-blue fw-700\">GHM est certifi\u00e9 ISO 14001<\/p>\n                                                                            <p class=\"mt-10 mt-lg-20\">\nNous sommes fiers d&rsquo;annoncer que GHM vient d&rsquo;obtenir la prestigieuse certification ISO 14001 ! Cette r\u00e9alisation t\u00e9moigne de notre engagement in\u00e9branlable envers la durabilit\u00e9 environnementale et les pratiques commerciales responsables. Depuis l&#8230;<\/p>\n                                                                    <\/div><!-- \/.wrapper-info -->\n                            <\/a>\n                                                                                <a href=\"https:\/\/www.ghmintl.com\/fr\/2024\/01\/01\/happynewyear2024\/\" class=\"text-decoration-none blog-item d-block color-black\">\n                                                                    <div class=\"wrapper-img\">\n                                        <p class=\"categ\">\u00c9v\u00e9nement<\/p>\n                                        <img loading=\"lazy\" decoding=\"async\" width=\"1400\" height=\"933\" src=\"https:\/\/www.ghmintl.com\/wp-content\/uploads\/2025\/01\/bonnefete2024blog.png\" class=\"cover-image skip-lazy wp-post-image\" alt=\"\" srcset=\"https:\/\/www.ghmintl.com\/wp-content\/uploads\/2025\/01\/bonnefete2024blog.png 1400w, https:\/\/www.ghmintl.com\/wp-content\/uploads\/2025\/01\/bonnefete2024blog-300x200.png 300w, https:\/\/www.ghmintl.com\/wp-content\/uploads\/2025\/01\/bonnefete2024blog-768x512.png 768w\" sizes=\"auto, (max-width: 1400px) 100vw, 1400px\" \/>                                    <\/div>\n                                                                <div class=\"wrapper-info\">\n                                    <p class=\"text-paragraph fw-700\">01\/01\/2024<\/p>\n                                    <p class=\"mt-10 mt-lg-10 title-t6 color-blue fw-700\">Bonne ann\u00e9e 2024 !<\/p>\n                                                                            <p class=\"mt-10 mt-lg-20\">\nToute l&rsquo;\u00e9quipe de&nbsp;GHM&nbsp;tient \u00e0 vous souhaiter une fin d&rsquo;ann\u00e9e pleine de succ\u00e8s et de bonheur, ainsi qu&rsquo;une ann\u00e9e 2024 prosp\u00e8re et enrichissante.\n\n\n\nChez&nbsp;GHM, notre savoir-faire en fonte est l&rsquo;essence m\u00eame de notre h\u00e9ritage patr&#8230;<\/p>\n                                                                    <\/div><!-- \/.wrapper-info -->\n                            <\/a>\n                                                                                <a href=\"https:\/\/www.ghmintl.com\/fr\/2023\/10\/03\/2023rugbyworldcupbegins\/\" class=\"text-decoration-none blog-item d-block color-black\">\n                                                                    <div class=\"wrapper-img\">\n                                        <p class=\"categ\">\u00c9v\u00e9nement<\/p>\n                                        <img loading=\"lazy\" decoding=\"async\" width=\"1400\" height=\"933\" src=\"https:\/\/www.ghmintl.com\/wp-content\/uploads\/2025\/01\/photocdmrugby.png\" class=\"cover-image skip-lazy wp-post-image\" alt=\"\" srcset=\"https:\/\/www.ghmintl.com\/wp-content\/uploads\/2025\/01\/photocdmrugby.png 1400w, https:\/\/www.ghmintl.com\/wp-content\/uploads\/2025\/01\/photocdmrugby-300x200.png 300w, https:\/\/www.ghmintl.com\/wp-content\/uploads\/2025\/01\/photocdmrugby-768x512.png 768w\" sizes=\"auto, (max-width: 1400px) 100vw, 1400px\" \/>                                    <\/div>\n                                                                <div class=\"wrapper-info\">\n                                    <p class=\"text-paragraph fw-700\">03\/10\/2023<\/p>\n                                    <p class=\"mt-10 mt-lg-10 title-t6 color-blue fw-700\">La Coupe du Monde de Rugby 2023 en France commence !<\/p>\n                                                                            <p class=\"mt-10 mt-lg-20\">\nC&rsquo;est le coup d&rsquo;envoi d&rsquo;un \u00e9v\u00e9nement \u00e9pique en France ! La Coupe du Monde de Rugby 2023 est officiellement lanc\u00e9e, et nous sommes ravis de voir comment notre groupe, GHM, se pr\u00e9pare pour cette aventure sportive exceptionnelle.\n\n\n\nEn tant que gr&#8230;<\/p>\n                                                                    <\/div><!-- \/.wrapper-info -->\n                            <\/a>\n                                                                                <a href=\"https:\/\/www.ghmintl.com\/fr\/2023\/08\/28\/journeemondialephoto2023\/\" class=\"text-decoration-none blog-item d-block color-black\">\n                                                                    <div class=\"wrapper-img\">\n                                        <p class=\"categ\">\u00c9v\u00e9nement<\/p>\n                                        <img loading=\"lazy\" decoding=\"async\" width=\"1400\" height=\"933\" src=\"https:\/\/www.ghmintl.com\/wp-content\/uploads\/2025\/01\/blogphoto-bruxelles3.png\" class=\"cover-image skip-lazy wp-post-image\" alt=\"\" srcset=\"https:\/\/www.ghmintl.com\/wp-content\/uploads\/2025\/01\/blogphoto-bruxelles3.png 1400w, https:\/\/www.ghmintl.com\/wp-content\/uploads\/2025\/01\/blogphoto-bruxelles3-300x200.png 300w, https:\/\/www.ghmintl.com\/wp-content\/uploads\/2025\/01\/blogphoto-bruxelles3-768x512.png 768w\" sizes=\"auto, (max-width: 1400px) 100vw, 1400px\" \/>                                    <\/div>\n                                                                <div class=\"wrapper-info\">\n                                    <p class=\"text-paragraph fw-700\">28\/08\/2023<\/p>\n                                    <p class=\"mt-10 mt-lg-10 title-t6 color-blue fw-700\">Journ\u00e9e Mondiale de la Photographie 2023<\/p>\n                                                                            <p class=\"mt-10 mt-lg-20\">\nCapturer les moments qui illuminent notre monde !\n\n\n\nLe samedi 19 ao\u00fbt \u00e9tait la Journ\u00e9e mondiale de la photographie, et aujourd&rsquo;hui nous c\u00e9l\u00e9brons avec un peu de retard l&rsquo;art de figer le temps et de cr\u00e9er des histoires visuelles qui laissent u&#8230;<\/p>\n                                                                    <\/div><!-- \/.wrapper-info -->\n                            <\/a>\n                                                                                <a href=\"https:\/\/www.ghmintl.com\/fr\/2023\/07\/27\/creation-taureau\/\" class=\"text-decoration-none blog-item d-block color-black\">\n                                                                    <div class=\"wrapper-img\">\n                                        <p class=\"categ\">Projet<\/p>\n                                        <img loading=\"lazy\" decoding=\"async\" width=\"1400\" height=\"933\" src=\"https:\/\/www.ghmintl.com\/wp-content\/uploads\/2025\/01\/taureaufini.png\" class=\"cover-image skip-lazy wp-post-image\" alt=\"\" srcset=\"https:\/\/www.ghmintl.com\/wp-content\/uploads\/2025\/01\/taureaufini.png 1400w, https:\/\/www.ghmintl.com\/wp-content\/uploads\/2025\/01\/taureaufini-300x200.png 300w, https:\/\/www.ghmintl.com\/wp-content\/uploads\/2025\/01\/taureaufini-768x512.png 768w\" sizes=\"auto, (max-width: 1400px) 100vw, 1400px\" \/>                                    <\/div>\n                                                                <div class=\"wrapper-info\">\n                                    <p class=\"text-paragraph fw-700\">27\/07\/2023<\/p>\n                                    <p class=\"mt-10 mt-lg-10 title-t6 color-blue fw-700\">Cr\u00e9ation d&rsquo;une statue de taureau<\/p>\n                                                                            <p class=\"mt-10 mt-lg-20\">\nNous sommes ravis de partager avec vous le processus extraordinaire de fabrication d&rsquo;une statue animali\u00e8re en fonte, une forme d&rsquo;art qui allie habilement la cr\u00e9ativit\u00e9 artistique du XIX\u00e8me si\u00e8cle et l&rsquo;expertise technique\u00a0Ghm\u00a0du XXI\u00e8me.\n\n\n\nCo&#8230;<\/p>\n                                                                    <\/div><!-- \/.wrapper-info -->\n                            <\/a>\n                                            <\/div><!-- \/.application-listing -->\n                            <\/div><!-- \/.wrapper-blogs -->\n                            <div class=\"wrapper-loading\">\n                    <img decoding=\"async\" class=\"loading\" src=\"https:\/\/www.ghmintl.com\/wp-content\/themes\/eclatec\/assets\/images\/loading.gif\" alt=\"loader\">\n                <\/div>\n            \t\t<\/div><!-- \/.block -->",
        "protected": false
    },
    "excerpt": {
        "rendered": "",
        "protected": false
    },
    "author": 2,
    "featured_media": 0,
    "parent": 0,
    "menu_order": 0,
    "comment_status": "closed",
    "ping_status": "closed",
    "template": "",
    "meta": {
        "inline_featured_image": false,
        "footnotes": ""
    },
    "class_list": [
        "post-1812",
        "page",
        "type-page",
        "status-publish",
        "hentry"
    ],
    "_links": {
        "self": [
            {
                "href": "https:\/\/www.ghmintl.com\/fr\/wp-json\/wp\/v2\/pages\/1812",
                "targetHints": {
                    "allow": [
                        "GET"
                    ]
                }
            }
        ],
        "collection": [
            {
                "href": "https:\/\/www.ghmintl.com\/fr\/wp-json\/wp\/v2\/pages"
            }
        ],
        "about": [
            {
                "href": "https:\/\/www.ghmintl.com\/fr\/wp-json\/wp\/v2\/types\/page"
            }
        ],
        "author": [
            {
                "embeddable": true,
                "href": "https:\/\/www.ghmintl.com\/fr\/wp-json\/wp\/v2\/users\/2"
            }
        ],
        "replies": [
            {
                "embeddable": true,
                "href": "https:\/\/www.ghmintl.com\/fr\/wp-json\/wp\/v2\/comments?post=1812"
            }
        ],
        "version-history": [
            {
                "count": 7,
                "href": "https:\/\/www.ghmintl.com\/fr\/wp-json\/wp\/v2\/pages\/1812\/revisions"
            }
        ],
        "predecessor-version": [
            {
                "id": 6583,
                "href": "https:\/\/www.ghmintl.com\/fr\/wp-json\/wp\/v2\/pages\/1812\/revisions\/6583"
            }
        ],
        "wp:attachment": [
            {
                "href": "https:\/\/www.ghmintl.com\/fr\/wp-json\/wp\/v2\/media?parent=1812"
            }
        ],
        "curies": [
            {
                "name": "wp",
                "href": "https:\/\/api.w.org\/{rel}",
                "templated": true
            }
        ]
    }
}