{
    "id": 11614,
    "date": "2025-05-14T13:20:44",
    "date_gmt": "2025-05-14T13:20:44",
    "guid": {
        "rendered": "https:\/\/www.ghmintl.com\/?page_id=11614"
    },
    "modified": "2025-05-14T14:37:11",
    "modified_gmt": "2025-05-14T14:37:11",
    "slug": "notre-histoire",
    "status": "publish",
    "type": "page",
    "link": "https:\/\/www.ghmintl.com\/fr\/l-entreprise\/notre-histoire\/",
    "title": {
        "rendered": "Notre histoire"
    },
    "content": {
        "rendered": "<div class=\"block hero-banner-black\">\n            <img decoding=\"async\" class=\"motif-right width-ghm-2\" src=\"https:\/\/www.ghmintl.com\/wp-content\/themes\/eclatec\/assets\/images\/motifs\/motif-black-hero.svg\" alt=\"motif black hero\">\n            <div class=\"description-hero\">\n                <div class=\"wrapper-inner-block wrapper-max-width\">\n                                            <div>\n                            <p><\/p>\n                        <\/div>\n                                                                <div data-aos=\"fade-up\" data-aos-easing=\"ease\">\n                            \n\n<h1 class=\"wp-block-heading\">Notre histoire<\/h1>\n\n\n\n<p><\/p>\n\n                        <\/div>\n                                    <\/div><!-- \/.wrapper-inner-block -->\n            <\/div><!-- \/.description-hero -->\n            <a href=\"#start\" class=\"anchor\"><\/a>\n\t\t<\/div><!-- \/.block -->\n        <a id=\"start\"><\/a>\n\t\t\n\n\n        <div class=\"timeline-wrapper\">\n            <div class=\"wrapper-max-width padding-xlarge-element\">\n                                    <div class=\"wrapper-inner-block\">        \n                        \n\n<h2 class=\"wp-block-heading\">La fonderie d&rsquo;Art<\/h2>\n\n                    <\/div><!-- \/.wrapper-inner-block -->\n                                <div class=\"block timeline position-relative mt-50 mt-lg-100 position-relative\">\n                    <div class=\"vertical-line\"><\/div>\n                    <div class=\"boxes\">\n                                                                                <div class=\"date-box\" style=\"margin-top: 0px\">\n                                <div class=\"box bg-blue color-white\">\n                                    \n                                    \n                                                                            <div class=\"wrapper-description\"><h3>1837 : les d\u00e9buts<\/h3>\n<p>Louis-Philippe 1er autorise la cr\u00e9ation d&rsquo;un haut fourneau pour la production de fonte \u00e0 Sommevoire<\/p>\n<p><img loading=\"lazy\" decoding=\"async\" class=\"alignnone size-medium wp-image-6411\" src=\"https:\/\/ghm.fr\/wp-content\/uploads\/2025\/01\/ancien-ghm-300x118.jpg\" alt=\"\" width=\"300\" height=\"118\" srcset=\"https:\/\/www.ghmintl.com\/wp-content\/uploads\/2025\/01\/ancien-ghm-300x118.jpg 300w, https:\/\/www.ghmintl.com\/wp-content\/uploads\/2025\/01\/ancien-ghm-1600x632.jpg 1600w, https:\/\/www.ghmintl.com\/wp-content\/uploads\/2025\/01\/ancien-ghm-768x303.jpg 768w, https:\/\/www.ghmintl.com\/wp-content\/uploads\/2025\/01\/ancien-ghm-1536x606.jpg 1536w, https:\/\/www.ghmintl.com\/wp-content\/uploads\/2025\/01\/ancien-ghm.jpg 1900w\" sizes=\"auto, (max-width: 300px) 100vw, 300px\" \/><\/p><\/div>\n                                                                    <\/div>\n                            <\/div>\n                                                                                <div class=\"date-box\" style=\"margin-top: 0px\">\n                                <div class=\"box bg-light-grey color-blue\">\n                                    \n                                    \n                                                                            <div class=\"wrapper-description\"><h3>1867 : Premi\u00e8re Exposition Universelle<\/h3>\n<p>\u00ab Faire du beau dans l\u2019utile \u00bb<\/p>\n<p><img loading=\"lazy\" decoding=\"async\" class=\"alignnone size-medium wp-image-6413\" src=\"https:\/\/ghm.fr\/wp-content\/uploads\/2025\/01\/durenne_expo-vienne_1873-300x232.jpg\" alt=\"\" width=\"300\" height=\"232\" srcset=\"https:\/\/www.ghmintl.com\/wp-content\/uploads\/2025\/01\/durenne_expo-vienne_1873-300x232.jpg 300w, https:\/\/www.ghmintl.com\/wp-content\/uploads\/2025\/01\/durenne_expo-vienne_1873-768x594.jpg 768w, https:\/\/www.ghmintl.com\/wp-content\/uploads\/2025\/01\/durenne_expo-vienne_1873.jpg 1000w\" sizes=\"auto, (max-width: 300px) 100vw, 300px\" \/><\/p><\/div>\n                                                                    <\/div>\n                            <\/div>\n                                                                                <div class=\"date-box\" style=\"margin-top: 0px\">\n                                <div class=\"box bg-blue color-white\">\n                                    \n                                    \n                                                                            <div class=\"wrapper-description\"><p>1872 : la premi\u00e8re fontaine Wallace<\/p>\n<p>La fontaine sera install\u00e9e Boulevard de la Villette, \u00e0 Paris<\/p>\n<p><a href=\"https:\/\/ghm-exclusive.com\/#ghm-fontaine-wallace\" target=\"_blank\" rel=\"noopener\">En savoir plus<\/a><\/p>\n<p><img loading=\"lazy\" decoding=\"async\" class=\"alignnone size-medium wp-image-6435\" src=\"https:\/\/ghm.fr\/wp-content\/uploads\/2025\/01\/wallace-ancienne-5-300x200.jpg\" alt=\"\" width=\"300\" height=\"200\" srcset=\"https:\/\/www.ghmintl.com\/wp-content\/uploads\/2025\/01\/wallace-ancienne-5-300x200.jpg 300w, https:\/\/www.ghmintl.com\/wp-content\/uploads\/2025\/01\/wallace-ancienne-5-768x512.jpg 768w, https:\/\/www.ghmintl.com\/wp-content\/uploads\/2025\/01\/wallace-ancienne-5.jpg 1400w\" sizes=\"auto, (max-width: 300px) 100vw, 300px\" \/><\/p><\/div>\n                                                                    <\/div>\n                            <\/div>\n                                                                                <div class=\"date-box\" style=\"margin-top: 0px\">\n                                <div class=\"box bg-light-grey color-blue\">\n                                    \n                                    \n                                                                            <div class=\"wrapper-description\"><p>1901 : Ghm et l&rsquo;Art Nouveau<\/p>\n<p>GHM est sollicit\u00e9 pour fabriquer les c\u00e9l\u00e8bres entr\u00e9es M\u00e9tropolitain Guimard de Paris<\/p>\n<p><a href=\"https:\/\/www.lecercleguimard.fr\/fr\/hector-guimard-architecte\/loeuvre-de-guimard\/le-metropolitain-hector-guimard\/\" target=\"_blank\" rel=\"noopener\">En savoir plus<\/a><\/p>\n<p><img loading=\"lazy\" decoding=\"async\" class=\"alignnone size-medium wp-image-6424\" src=\"https:\/\/ghm.fr\/wp-content\/uploads\/2025\/01\/guimard-metro-200x300.jpg\" alt=\"\" width=\"200\" height=\"300\" srcset=\"https:\/\/www.ghmintl.com\/wp-content\/uploads\/2025\/01\/guimard-metro-200x300.jpg 200w, https:\/\/www.ghmintl.com\/wp-content\/uploads\/2025\/01\/guimard-metro-768x1152.jpg 768w, https:\/\/www.ghmintl.com\/wp-content\/uploads\/2025\/01\/guimard-metro.jpg 933w\" sizes=\"auto, (max-width: 200px) 100vw, 200px\" \/><\/p><\/div>\n                                                                    <\/div>\n                            <\/div>\n                                            <\/div>\n                <\/div><!-- \/.block -->\n            <\/div><!-- \/.wrapper-max-width -->\n        <\/div>\n\t\t\n\n\n        <div class=\"timeline-wrapper\">\n            <div class=\"wrapper-max-width padding-xlarge-element\">\n                                    <div class=\"wrapper-inner-block\">        \n                        \n\n<h2 class=\"wp-block-heading\">Une nouvelle \u00e8re,&nbsp;sp\u00e9cialiste de l\u2019am\u00e9nagement urbain<\/h2>\n\n                    <\/div><!-- \/.wrapper-inner-block -->\n                                <div class=\"block timeline position-relative mt-50 mt-lg-100 position-relative\">\n                    <div class=\"vertical-line\"><\/div>\n                    <div class=\"boxes\">\n                                                                                <div class=\"date-box\" style=\"margin-top: 0px\">\n                                <div class=\"box bg-blue color-white\">\n                                    \n                                    \n                                                                            <div class=\"wrapper-description\"><h3>1931 : Premi\u00e8re \u00e9dition du catalogue Ghm d\u00e9di\u00e9 \u00e0 l&rsquo;\u00e9clairage<\/h3>\n<p><img loading=\"lazy\" decoding=\"async\" class=\"alignnone size-medium wp-image-6410\" src=\"https:\/\/ghm.fr\/wp-content\/uploads\/2025\/01\/1er-catlogue-ghm-300x200.jpg\" alt=\"\" width=\"300\" height=\"200\" srcset=\"https:\/\/www.ghmintl.com\/wp-content\/uploads\/2025\/01\/1er-catlogue-ghm-300x200.jpg 300w, https:\/\/www.ghmintl.com\/wp-content\/uploads\/2025\/01\/1er-catlogue-ghm-768x512.jpg 768w, https:\/\/www.ghmintl.com\/wp-content\/uploads\/2025\/01\/1er-catlogue-ghm.jpg 1400w\" sizes=\"auto, (max-width: 300px) 100vw, 300px\" \/><\/p><\/div>\n                                                                    <\/div>\n                            <\/div>\n                                                                                <div class=\"date-box\" style=\"margin-top: 0px\">\n                                <div class=\"box bg-light-grey color-blue\">\n                                    \n                                    \n                                                                            <div class=\"wrapper-description\"><h3>1951 : premi\u00e8re production de m\u00e2t acier<\/h3>\n<p><img loading=\"lazy\" decoding=\"async\" class=\"alignnone size-medium wp-image-6427\" src=\"https:\/\/ghm.fr\/wp-content\/uploads\/2025\/01\/mat-acier-1951-300x200.jpg\" alt=\"\" width=\"300\" height=\"200\" srcset=\"https:\/\/www.ghmintl.com\/wp-content\/uploads\/2025\/01\/mat-acier-1951-300x200.jpg 300w, https:\/\/www.ghmintl.com\/wp-content\/uploads\/2025\/01\/mat-acier-1951-768x512.jpg 768w, https:\/\/www.ghmintl.com\/wp-content\/uploads\/2025\/01\/mat-acier-1951.jpg 1400w\" sizes=\"auto, (max-width: 300px) 100vw, 300px\" \/><\/p><\/div>\n                                                                    <\/div>\n                            <\/div>\n                                                                                <div class=\"date-box\" style=\"margin-top: 0px\">\n                                <div class=\"box bg-blue color-white\">\n                                    \n                                    \n                                                                            <div class=\"wrapper-description\"><h3>1971 : premi\u00e8re production de mobilier urbain<\/h3>\n<p><img loading=\"lazy\" decoding=\"async\" class=\"alignnone size-medium wp-image-6430\" src=\"https:\/\/ghm.fr\/wp-content\/uploads\/2025\/01\/photo-mu-1970-300x218.jpg\" alt=\"\" width=\"300\" height=\"218\" srcset=\"https:\/\/www.ghmintl.com\/wp-content\/uploads\/2025\/01\/photo-mu-1970-300x218.jpg 300w, https:\/\/www.ghmintl.com\/wp-content\/uploads\/2025\/01\/photo-mu-1970-1600x1163.jpg 1600w, https:\/\/www.ghmintl.com\/wp-content\/uploads\/2025\/01\/photo-mu-1970-768x558.jpg 768w, https:\/\/www.ghmintl.com\/wp-content\/uploads\/2025\/01\/photo-mu-1970-1536x1116.jpg 1536w, https:\/\/www.ghmintl.com\/wp-content\/uploads\/2025\/01\/photo-mu-1970.jpg 1804w\" sizes=\"auto, (max-width: 300px) 100vw, 300px\" \/><\/p><\/div>\n                                                                    <\/div>\n                            <\/div>\n                                            <\/div>\n                <\/div><!-- \/.block -->\n            <\/div><!-- \/.wrapper-max-width -->\n        <\/div>\n\t\t\n\n\n        <div class=\"timeline-wrapper\">\n            <div class=\"wrapper-max-width padding-xlarge-element\">\n                                    <div class=\"wrapper-inner-block\">        \n                        \n\n<h2 class=\"wp-block-heading\">Une nouvelle dimension internationale et contemporaine<\/h2>\n\n                    <\/div><!-- \/.wrapper-inner-block -->\n                                <div class=\"block timeline position-relative mt-50 mt-lg-100 position-relative\">\n                    <div class=\"vertical-line\"><\/div>\n                    <div class=\"boxes\">\n                                                                                <div class=\"date-box\" style=\"margin-top: 0px\">\n                                <div class=\"box bg-light-grey color-blue\">\n                                    \n                                    \n                                                                            <div class=\"wrapper-description\"><h3>2010 : projets internationaux et contemporains<\/h3>\n<p>Fabrication et installation des Colonnes \u00e9clairantes Rue Watt \u00e0 Paris et Fontaine monumentale \u00e0 Bakou (Azerba\u00efdjan)<\/p>\n<p><img loading=\"lazy\" decoding=\"async\" class=\"alignnone size-medium wp-image-6433\" src=\"https:\/\/ghm.fr\/wp-content\/uploads\/2025\/01\/rue-watt-paris-300x200.jpg\" alt=\"\" width=\"300\" height=\"200\" srcset=\"https:\/\/www.ghmintl.com\/wp-content\/uploads\/2025\/01\/rue-watt-paris-300x200.jpg 300w, https:\/\/www.ghmintl.com\/wp-content\/uploads\/2025\/01\/rue-watt-paris-768x512.jpg 768w, https:\/\/www.ghmintl.com\/wp-content\/uploads\/2025\/01\/rue-watt-paris-1536x1023.jpg 1536w, https:\/\/www.ghmintl.com\/wp-content\/uploads\/2025\/01\/rue-watt-paris.jpg 1600w\" sizes=\"auto, (max-width: 300px) 100vw, 300px\" \/><\/p>\n<p><img loading=\"lazy\" decoding=\"async\" class=\"alignnone size-medium wp-image-6412\" src=\"https:\/\/ghm.fr\/wp-content\/uploads\/2025\/01\/baku-fountain-300x200.jpg\" alt=\"\" width=\"300\" height=\"200\" srcset=\"https:\/\/www.ghmintl.com\/wp-content\/uploads\/2025\/01\/baku-fountain-300x200.jpg 300w, https:\/\/www.ghmintl.com\/wp-content\/uploads\/2025\/01\/baku-fountain-768x512.jpg 768w, https:\/\/www.ghmintl.com\/wp-content\/uploads\/2025\/01\/baku-fountain-1536x1023.jpg 1536w, https:\/\/www.ghmintl.com\/wp-content\/uploads\/2025\/01\/baku-fountain.jpg 1600w\" sizes=\"auto, (max-width: 300px) 100vw, 300px\" \/><\/p><\/div>\n                                                                    <\/div>\n                            <\/div>\n                                                                                <div class=\"date-box\" style=\"margin-top: 0px\">\n                                <div class=\"box bg-blue color-white\">\n                                    \n                                    \n                                                                            <div class=\"wrapper-description\"><h3>2015 : Installation des supports de L.A.C \u00e0 l&rsquo;international<\/h3>\n<p>Le Luxembourg est le premier pays \u00e0 solliciter l&rsquo;expertise et le savoir-faire de Ghm pour installer les supports de L.A.C<\/p>\n<p><img loading=\"lazy\" decoding=\"async\" class=\"alignnone size-medium wp-image-6431\" src=\"https:\/\/ghm.fr\/wp-content\/uploads\/2025\/01\/photo-tram-luxembourg-300x200.jpg\" alt=\"\" width=\"300\" height=\"200\" srcset=\"https:\/\/www.ghmintl.com\/wp-content\/uploads\/2025\/01\/photo-tram-luxembourg-300x200.jpg 300w, https:\/\/www.ghmintl.com\/wp-content\/uploads\/2025\/01\/photo-tram-luxembourg-768x512.jpg 768w, https:\/\/www.ghmintl.com\/wp-content\/uploads\/2025\/01\/photo-tram-luxembourg-1536x1023.jpg 1536w, https:\/\/www.ghmintl.com\/wp-content\/uploads\/2025\/01\/photo-tram-luxembourg.jpg 1600w\" sizes=\"auto, (max-width: 300px) 100vw, 300px\" \/><\/p><\/div>\n                                                                    <\/div>\n                            <\/div>\n                                                                                <div class=\"date-box\" style=\"margin-top: 0px\">\n                                <div class=\"box bg-light-grey color-blue\">\n                                    \n                                    \n                                                                            <div class=\"wrapper-description\"><h3>2018 : nouvelles entr\u00e9es du M\u00e9tropolitain<\/h3>\n<p><img loading=\"lazy\" decoding=\"async\" class=\"alignnone size-medium wp-image-6428\" src=\"https:\/\/ghm.fr\/wp-content\/uploads\/2025\/01\/metro-aurel-300x200.jpg\" alt=\"\" width=\"300\" height=\"200\" srcset=\"https:\/\/www.ghmintl.com\/wp-content\/uploads\/2025\/01\/metro-aurel-300x200.jpg 300w, https:\/\/www.ghmintl.com\/wp-content\/uploads\/2025\/01\/metro-aurel-768x512.jpg 768w, https:\/\/www.ghmintl.com\/wp-content\/uploads\/2025\/01\/metro-aurel-1536x1023.jpg 1536w, https:\/\/www.ghmintl.com\/wp-content\/uploads\/2025\/01\/metro-aurel.jpg 1600w\" sizes=\"auto, (max-width: 300px) 100vw, 300px\" \/><\/p><\/div>\n                                                                    <\/div>\n                            <\/div>\n                                                                                <div class=\"date-box\" style=\"margin-top: 0px\">\n                                <div class=\"box bg-blue color-white\">\n                                    \n                                    \n                                                                            <div class=\"wrapper-description\"><h3>2021 : exposition universelle de Duba\u00ef<\/h3>\n<p>L&rsquo;exposition universelle de Duba\u00ef s&rsquo;est tenue pendant 6 mois aux \u00c9mirats Arabes Unis, qui se sont vus attribuer l&rsquo;\u00e9v\u00e9nement en novembre 2013.<br \/>192 pays \u00e9taient pr\u00e9sents \u00e0 ce grand \u00e9v\u00e9nement avec des expositions dans plusieurs districts tels que \u00ab\u00a0Durabilit\u00e9\u00a0\u00bb, \u00ab\u00a0Mobilit\u00e9\u00a0\u00bb et \u00ab\u00a0Opportunit\u00e9\u00a0\u00bb.<\/p>\n<p>Le groupe <strong>Ghm-Eclatec<\/strong> \u00e9tait pr\u00e9sent le 3 novembre 2021 \u00e0 la c\u00e9r\u00e9monie de remise des prix pour honorer les partenaires des EAU (tels que LuxBuro et WTBurden, ainsi que la commission commerciale fran\u00e7aise aux EAU, Business France), au sein du pavillon fran\u00e7ais, avec une invitation \u00e9tendue aux distributeurs et clients de Ghm-Eclatec.<\/p>\n<p><img loading=\"lazy\" decoding=\"async\" class=\"alignnone size-medium wp-image-6414\" src=\"https:\/\/ghm.fr\/wp-content\/uploads\/2025\/01\/expo-dubai-300x200.jpg\" alt=\"\" width=\"300\" height=\"200\" srcset=\"https:\/\/www.ghmintl.com\/wp-content\/uploads\/2025\/01\/expo-dubai-300x200.jpg 300w, https:\/\/www.ghmintl.com\/wp-content\/uploads\/2025\/01\/expo-dubai-768x512.jpg 768w, https:\/\/www.ghmintl.com\/wp-content\/uploads\/2025\/01\/expo-dubai.jpg 1400w\" sizes=\"auto, (max-width: 300px) 100vw, 300px\" \/><\/p>\n<p><img loading=\"lazy\" decoding=\"async\" class=\"alignnone size-medium wp-image-6420\" src=\"https:\/\/ghm.fr\/wp-content\/uploads\/2025\/01\/expo-dubai-7-300x200.jpg\" alt=\"\" width=\"300\" height=\"200\" srcset=\"https:\/\/www.ghmintl.com\/wp-content\/uploads\/2025\/01\/expo-dubai-7-300x200.jpg 300w, https:\/\/www.ghmintl.com\/wp-content\/uploads\/2025\/01\/expo-dubai-7-768x512.jpg 768w, https:\/\/www.ghmintl.com\/wp-content\/uploads\/2025\/01\/expo-dubai-7.jpg 1400w\" sizes=\"auto, (max-width: 300px) 100vw, 300px\" \/><\/p>\n<p><img loading=\"lazy\" decoding=\"async\" class=\"alignnone size-medium wp-image-6416\" src=\"https:\/\/ghm.fr\/wp-content\/uploads\/2025\/01\/expo-dubai-2-300x200.jpg\" alt=\"\" width=\"300\" height=\"200\" srcset=\"https:\/\/www.ghmintl.com\/wp-content\/uploads\/2025\/01\/expo-dubai-2-300x200.jpg 300w, https:\/\/www.ghmintl.com\/wp-content\/uploads\/2025\/01\/expo-dubai-2-768x512.jpg 768w, https:\/\/www.ghmintl.com\/wp-content\/uploads\/2025\/01\/expo-dubai-2.jpg 1400w\" sizes=\"auto, (max-width: 300px) 100vw, 300px\" \/><\/p>\n<p><img loading=\"lazy\" decoding=\"async\" class=\"alignnone size-medium wp-image-6415\" src=\"https:\/\/ghm.fr\/wp-content\/uploads\/2025\/01\/expo-dubai-1-300x200.jpg\" alt=\"\" width=\"300\" height=\"200\" srcset=\"https:\/\/www.ghmintl.com\/wp-content\/uploads\/2025\/01\/expo-dubai-1-300x200.jpg 300w, https:\/\/www.ghmintl.com\/wp-content\/uploads\/2025\/01\/expo-dubai-1-768x512.jpg 768w, https:\/\/www.ghmintl.com\/wp-content\/uploads\/2025\/01\/expo-dubai-1.jpg 1400w\" sizes=\"auto, (max-width: 300px) 100vw, 300px\" \/><\/p>\n<p><img loading=\"lazy\" decoding=\"async\" class=\"alignnone size-medium wp-image-6419\" src=\"https:\/\/ghm.fr\/wp-content\/uploads\/2025\/01\/expo-dubai-5-300x200.jpg\" alt=\"\" width=\"300\" height=\"200\" srcset=\"https:\/\/www.ghmintl.com\/wp-content\/uploads\/2025\/01\/expo-dubai-5-300x200.jpg 300w, https:\/\/www.ghmintl.com\/wp-content\/uploads\/2025\/01\/expo-dubai-5-768x512.jpg 768w, https:\/\/www.ghmintl.com\/wp-content\/uploads\/2025\/01\/expo-dubai-5.jpg 1400w\" sizes=\"auto, (max-width: 300px) 100vw, 300px\" \/><\/p><\/div>\n                                                                    <\/div>\n                            <\/div>\n                                                                                <div class=\"date-box\" style=\"margin-top: 0px\">\n                                <div class=\"box bg-blue color-white\">\n                                    \n                                    \n                                                                            <div class=\"wrapper-description\"><h3>2022 : La fontaine Wallace entre au mus\u00e9e Carnavalet \u00e0 l&rsquo;occasion des 150 ans de sa premi\u00e8re installation<\/h3>\n<p><img loading=\"lazy\" decoding=\"async\" class=\"alignnone size-medium wp-image-6436\" src=\"https:\/\/ghm.fr\/wp-content\/uploads\/2025\/01\/wallace-carnavalet-300x200.jpg\" alt=\"\" width=\"300\" height=\"200\" srcset=\"https:\/\/www.ghmintl.com\/wp-content\/uploads\/2025\/01\/wallace-carnavalet-300x200.jpg 300w, https:\/\/www.ghmintl.com\/wp-content\/uploads\/2025\/01\/wallace-carnavalet-768x512.jpg 768w, https:\/\/www.ghmintl.com\/wp-content\/uploads\/2025\/01\/wallace-carnavalet.jpg 1400w\" sizes=\"auto, (max-width: 300px) 100vw, 300px\" \/><\/p><\/div>\n                                                                    <\/div>\n                            <\/div>\n                                            <\/div>\n                <\/div><!-- \/.block -->\n            <\/div><!-- \/.wrapper-max-width -->\n        <\/div>",
        "protected": false
    },
    "excerpt": {
        "rendered": "",
        "protected": false
    },
    "author": 10,
    "featured_media": 0,
    "parent": 1991,
    "menu_order": 0,
    "comment_status": "closed",
    "ping_status": "closed",
    "template": "",
    "meta": {
        "inline_featured_image": false,
        "footnotes": ""
    },
    "class_list": [
        "post-11614",
        "page",
        "type-page",
        "status-publish",
        "hentry"
    ],
    "_links": {
        "self": [
            {
                "href": "https:\/\/www.ghmintl.com\/fr\/wp-json\/wp\/v2\/pages\/11614",
                "targetHints": {
                    "allow": [
                        "GET"
                    ]
                }
            }
        ],
        "collection": [
            {
                "href": "https:\/\/www.ghmintl.com\/fr\/wp-json\/wp\/v2\/pages"
            }
        ],
        "about": [
            {
                "href": "https:\/\/www.ghmintl.com\/fr\/wp-json\/wp\/v2\/types\/page"
            }
        ],
        "author": [
            {
                "embeddable": true,
                "href": "https:\/\/www.ghmintl.com\/fr\/wp-json\/wp\/v2\/users\/10"
            }
        ],
        "replies": [
            {
                "embeddable": true,
                "href": "https:\/\/www.ghmintl.com\/fr\/wp-json\/wp\/v2\/comments?post=11614"
            }
        ],
        "version-history": [
            {
                "count": 8,
                "href": "https:\/\/www.ghmintl.com\/fr\/wp-json\/wp\/v2\/pages\/11614\/revisions"
            }
        ],
        "predecessor-version": [
            {
                "id": 11794,
                "href": "https:\/\/www.ghmintl.com\/fr\/wp-json\/wp\/v2\/pages\/11614\/revisions\/11794"
            }
        ],
        "up": [
            {
                "embeddable": true,
                "href": "https:\/\/www.ghmintl.com\/fr\/wp-json\/wp\/v2\/pages\/1991"
            }
        ],
        "wp:attachment": [
            {
                "href": "https:\/\/www.ghmintl.com\/fr\/wp-json\/wp\/v2\/media?parent=11614"
            }
        ],
        "curies": [
            {
                "name": "wp",
                "href": "https:\/\/api.w.org\/{rel}",
                "templated": true
            }
        ]
    }
}